{"id":164795,"date":"2020-08-11T20:37:00","date_gmt":"2020-08-12T01:37:00","guid":{"rendered":"http:\/\/vertienteglobal.com\/?p=164795"},"modified":"2020-08-11T21:38:43","modified_gmt":"2020-08-12T02:38:43","slug":"en-yucatan-se-mantendra-la-ley-seca-hasta-el-17-de-septiembre","status":"publish","type":"post","link":"http:\/\/vertienteglobal.com\/?p=164795","title":{"rendered":"En Yucat\u00e1n se mantendr\u00e1 la Ley Seca hasta el 17 de septiembre"},"content":{"rendered":"\n<div class=\"twitterbutton\" style=\"float: right; padding-left: 5px;\"><a href=\"http:\/\/twitter.com\/share\" class=\"twitter-share-button\" data-count=\"horizontal\" data-text=\"En Yucat\u00e1n se mantendr\u00e1 la Ley Seca hasta el 17 de septiembre\" data-via=\"https:\/\/twitter.com\/VertienteGloba1\" data-url=\"http:\/\/vertienteglobal.com\/?p=164795\" data-lang=\"es\" data-related=\"Informaci\u00f3n general:S\u00edguenos para que est\u00e9ss informado\"><\/a><\/div>\n<figure class=\"wp-block-image size-large\"><img loading=\"lazy\" decoding=\"async\" width=\"1024\" height=\"512\" src=\"http:\/\/vertienteglobal.com\/wp-content\/uploads\/2020\/08\/IMG_20200811_202521-1024x512.jpg\" alt=\"\" class=\"wp-image-164796\" srcset=\"http:\/\/vertienteglobal.com\/wp-content\/uploads\/2020\/08\/IMG_20200811_202521-1024x512.jpg 1024w, http:\/\/vertienteglobal.com\/wp-content\/uploads\/2020\/08\/IMG_20200811_202521-300x150.jpg 300w, http:\/\/vertienteglobal.com\/wp-content\/uploads\/2020\/08\/IMG_20200811_202521-150x75.jpg 150w, http:\/\/vertienteglobal.com\/wp-content\/uploads\/2020\/08\/IMG_20200811_202521-768x384.jpg 768w, http:\/\/vertienteglobal.com\/wp-content\/uploads\/2020\/08\/IMG_20200811_202521.jpg 1050w\" sizes=\"auto, (max-width: 1024px) 100vw, 1024px\" \/><\/figure>\n\n\n\n<p>(Redaccion)<\/p>\n\n\n\n<p>Se decidi\u00f3 mantener esta medida de prevenci\u00f3n para seguir cuidando la salud de la poblaci\u00f3n, pues ayuda a evitar la movilidad, el contacto social innecesario y las reuniones sociales<\/p>\n\n\n\n<p>M\u00e9rida, Yucat\u00e1n, 11 de agosto de 2020.- La Ley Seca se mantendr\u00e1 en todo el territorio estatal hasta el pr\u00f3ximo 17 de septiembre como medida para evitar la movilidad, el contacto social innecesario y las reuniones sociales que no ayudan a la prevenci\u00f3n y contribuyen a relajar el cuidado de las medidas sanitarias ante la situaci\u00f3n de pandemia por el Coronavirus, inform\u00f3 el Gobierno del Estado.<\/p>\n\n\n\n<p>El Gobierno estatal indic\u00f3 que la prohibici\u00f3n de venta de bebidas alcoh\u00f3licas contempla a todos los establecimientos y lugares a los que se refiere el art\u00edculo 253-A de la Ley de Salud del Estado. La persona f\u00edsica que infrinja lo dispuesto podr\u00e1 hacerse acreedora hasta 6 a\u00f1os de prisi\u00f3n y hasta 200 d\u00edas-multa, de acuerdo con el C\u00f3digo Penal del Estado.<\/p>\n\n\n\n<p>Hay que recordar que esta medida de prevenci\u00f3n se dispuso ante las circunstancias de alto riesgo generado por la actual emergencia sanitaria.<\/p>\n\n\n\n<p>Asimismo, se expone que ante el escenario que se ha presentado a causa de la evoluci\u00f3n de esta enfermedad en el pa\u00eds y el estado se decidi\u00f3 adoptar medidas extraordinarias, tanto por el Gobierno del Estado como por las dem\u00e1s autoridades de salud p\u00fablica, que contribuyan a disminuir la movilidad y el contacto social innecesario.<\/p>\n\n\n\n<p>Esta medida, junto con otras que se han implementado, han estado funcionando y dando resultados, sin embargo, esta mejor\u00eda ha sido leve, por lo que es necesario seguirlas aplicando y no bajar la guardia en las disposiciones de salud y para la prevenci\u00f3n.<\/p>\n\n\n\n<p>El Gobierno del Estado reitera que todas las sociedades tenemos el enorme reto de continuar luchando contra la propagaci\u00f3n del Coronavirus, al mismo tiempo de encontrar la manera de continuar protegiendo los empleos existentes y tambi\u00e9n el de generar nuevos empleos, raz\u00f3n por la cual en Yucat\u00e1n se ha venido trabajando muy fuerte para lograr que la reapertura econ\u00f3mica funcione para que las familias tengan empleo e ingresos ante los graves efectos econ\u00f3micos de la pandemia sin que se llegue a ver comprometida nuestra capacidad hospitalaria.<\/p>\n","protected":false},"excerpt":{"rendered":"<p>(Redaccion) Se decidi\u00f3 mantener esta medida de prevenci\u00f3n para seguir cuidando la salud de la poblaci\u00f3n, pues ayuda a evitar la movilidad, el contacto social innecesario y las reuniones sociales M\u00e9rida, Yucat\u00e1n, 11 de agosto de 2020.- La Ley Seca se mantendr\u00e1 en todo el territorio estatal hasta el pr\u00f3ximo 17 de septiembre como medida [&hellip;]<\/p>\n","protected":false},"author":1,"featured_media":164796,"comment_status":"open","ping_status":"open","sticky":false,"template":"","format":"standard","meta":{"footnotes":""},"categories":[2],"tags":[],"class_list":["post-164795","post","type-post","status-publish","format-standard","has-post-thumbnail","hentry","category-yucatan","entry","has-media"],"jetpack_featured_media_url":"http:\/\/vertienteglobal.com\/wp-content\/uploads\/2020\/08\/IMG_20200811_202521.jpg","_links":{"self":[{"href":"http:\/\/vertienteglobal.com\/index.php?rest_route=\/wp\/v2\/posts\/164795","targetHints":{"allow":["GET"]}}],"collection":[{"href":"http:\/\/vertienteglobal.com\/index.php?rest_route=\/wp\/v2\/posts"}],"about":[{"href":"http:\/\/vertienteglobal.com\/index.php?rest_route=\/wp\/v2\/types\/post"}],"author":[{"embeddable":true,"href":"http:\/\/vertienteglobal.com\/index.php?rest_route=\/wp\/v2\/users\/1"}],"replies":[{"embeddable":true,"href":"http:\/\/vertienteglobal.com\/index.php?rest_route=%2Fwp%2Fv2%2Fcomments&post=164795"}],"version-history":[{"count":0,"href":"http:\/\/vertienteglobal.com\/index.php?rest_route=\/wp\/v2\/posts\/164795\/revisions"}],"wp:featuredmedia":[{"embeddable":true,"href":"http:\/\/vertienteglobal.com\/index.php?rest_route=\/wp\/v2\/media\/164796"}],"wp:attachment":[{"href":"http:\/\/vertienteglobal.com\/index.php?rest_route=%2Fwp%2Fv2%2Fmedia&parent=164795"}],"wp:term":[{"taxonomy":"category","embeddable":true,"href":"http:\/\/vertienteglobal.com\/index.php?rest_route=%2Fwp%2Fv2%2Fcategories&post=164795"},{"taxonomy":"post_tag","embeddable":true,"href":"http:\/\/vertienteglobal.com\/index.php?rest_route=%2Fwp%2Fv2%2Ftags&post=164795"}],"curies":[{"name":"wp","href":"https:\/\/api.w.org\/{rel}","templated":true}]}}