{"id":164740,"date":"2020-08-11T13:19:00","date_gmt":"2020-08-11T18:19:00","guid":{"rendered":"http:\/\/vertienteglobal.com\/?p=164740"},"modified":"2020-08-11T13:33:16","modified_gmt":"2020-08-11T18:33:16","slug":"apoyo-a-escuelas-privadas-es-en-planes-no-economico-sep","status":"publish","type":"post","link":"http:\/\/vertienteglobal.com\/?p=164740","title":{"rendered":"Apoyo a escuelas privadas es en planes, no econ\u00f3mico: SEP"},"content":{"rendered":"\n<div class=\"twitterbutton\" style=\"float: right; padding-left: 5px;\"><a href=\"http:\/\/twitter.com\/share\" class=\"twitter-share-button\" data-count=\"horizontal\" data-text=\"Apoyo a escuelas privadas es en planes, no econ\u00f3mico: SEP\" data-via=\"https:\/\/twitter.com\/VertienteGloba1\" data-url=\"http:\/\/vertienteglobal.com\/?p=164740\" data-lang=\"es\" data-related=\"Informaci\u00f3n general:S\u00edguenos para que est\u00e9ss informado\"><\/a><\/div>\n<figure class=\"wp-block-image size-large\"><img loading=\"lazy\" decoding=\"async\" width=\"664\" height=\"498\" src=\"http:\/\/vertienteglobal.com\/wp-content\/uploads\/2020\/08\/IMG_20200811_133025.jpg\" alt=\"\" class=\"wp-image-164741\" srcset=\"http:\/\/vertienteglobal.com\/wp-content\/uploads\/2020\/08\/IMG_20200811_133025.jpg 664w, http:\/\/vertienteglobal.com\/wp-content\/uploads\/2020\/08\/IMG_20200811_133025-300x225.jpg 300w, http:\/\/vertienteglobal.com\/wp-content\/uploads\/2020\/08\/IMG_20200811_133025-150x113.jpg 150w\" sizes=\"auto, (max-width: 664px) 100vw, 664px\" \/><\/figure>\n\n\n\n<p>(Redaccion)<\/p>\n\n\n\n<p>Nuestra relaci\u00f3n con las escuelas particulares son para planes y programas de estudio, todo lo relacionado en lo acad\u00e9mico\u201d, precis\u00f3 en entrevista televisiva<\/p>\n\n\n\n<p>Ciudad de Mexico a 11 de agosto de 2020.- El titular de la Secretar\u00eda de Educaci\u00f3n P\u00fablica (SEP), Esteban Moctezuma Barrag\u00e1n, dijo que el apoyo que se puede brindar a escuelas privadas se centra en planes y programas de estudio.<\/p>\n\n\n\n<p>Como secretar\u00eda podemos ayudar a las escuelas particulares en muchas cosas, pero econ\u00f3micamente no porque ese tema es de la Secretar\u00eda de Econom\u00eda y de Hacienda. Nuestra relaci\u00f3n con las escuelas particulares son para planes y programas de estudio, todo lo relacionado en lo acad\u00e9mico\u201d, precis\u00f3 en entrevista televisiva.<\/p>\n\n\n\n<p>Y es que ayer, Exc\u00e9lsior public\u00f3 que entre cuatro y seis de cada 10 escuelas privadas del pa\u00eds podr\u00edan no operar este ciclo escolar o quebrar, otras buscan sobrevivir, pero ante una creciente deserci\u00f3n escolar, sus deudas suben, los pagos de servicios no se detienen y los costos aumentan.<\/p>\n\n\n\n<p>Una de las razones por la que los padres de familia est\u00e1n dejando de inscribir a sus hijos en escuelas privadas se debe a la percepci\u00f3n de que \u201cvale menos por internet\u201d o \u201csi todo va a ser por tele, mejor me lo ahorro\u201d.<\/p>\n\n\n\n<p>Antes ten\u00eda 12 maestras, ahora solamente son cuatro, los costos se han incrementado, si ten\u00eda 50 ni\u00f1os antes del covid, ahora tengo ocho\u201d, expuso Silvia N., fundadora y due\u00f1a de un colegio Montessori en el Estado de M\u00e9xico, que pidi\u00f3 el anonimato por temor a represalias de la SEP. (Fuente: Excelsior)<\/p>\n","protected":false},"excerpt":{"rendered":"<p>(Redaccion) Nuestra relaci\u00f3n con las escuelas particulares son para planes y programas de estudio, todo lo relacionado en lo acad\u00e9mico\u201d, precis\u00f3 en entrevista televisiva Ciudad de Mexico a 11 de agosto de 2020.- El titular de la Secretar\u00eda de Educaci\u00f3n P\u00fablica (SEP), Esteban Moctezuma Barrag\u00e1n, dijo que el apoyo que se puede brindar a escuelas [&hellip;]<\/p>\n","protected":false},"author":1,"featured_media":164741,"comment_status":"open","ping_status":"open","sticky":false,"template":"","format":"standard","meta":{"footnotes":""},"categories":[9,8],"tags":[],"class_list":["post-164740","post","type-post","status-publish","format-standard","has-post-thumbnail","hentry","category-educacion","category-pais","entry","has-media"],"jetpack_featured_media_url":"http:\/\/vertienteglobal.com\/wp-content\/uploads\/2020\/08\/IMG_20200811_133025.jpg","_links":{"self":[{"href":"http:\/\/vertienteglobal.com\/index.php?rest_route=\/wp\/v2\/posts\/164740","targetHints":{"allow":["GET"]}}],"collection":[{"href":"http:\/\/vertienteglobal.com\/index.php?rest_route=\/wp\/v2\/posts"}],"about":[{"href":"http:\/\/vertienteglobal.com\/index.php?rest_route=\/wp\/v2\/types\/post"}],"author":[{"embeddable":true,"href":"http:\/\/vertienteglobal.com\/index.php?rest_route=\/wp\/v2\/users\/1"}],"replies":[{"embeddable":true,"href":"http:\/\/vertienteglobal.com\/index.php?rest_route=%2Fwp%2Fv2%2Fcomments&post=164740"}],"version-history":[{"count":0,"href":"http:\/\/vertienteglobal.com\/index.php?rest_route=\/wp\/v2\/posts\/164740\/revisions"}],"wp:featuredmedia":[{"embeddable":true,"href":"http:\/\/vertienteglobal.com\/index.php?rest_route=\/wp\/v2\/media\/164741"}],"wp:attachment":[{"href":"http:\/\/vertienteglobal.com\/index.php?rest_route=%2Fwp%2Fv2%2Fmedia&parent=164740"}],"wp:term":[{"taxonomy":"category","embeddable":true,"href":"http:\/\/vertienteglobal.com\/index.php?rest_route=%2Fwp%2Fv2%2Fcategories&post=164740"},{"taxonomy":"post_tag","embeddable":true,"href":"http:\/\/vertienteglobal.com\/index.php?rest_route=%2Fwp%2Fv2%2Ftags&post=164740"}],"curies":[{"name":"wp","href":"https:\/\/api.w.org\/{rel}","templated":true}]}}