{"id":164689,"date":"2020-08-10T17:49:00","date_gmt":"2020-08-10T22:49:00","guid":{"rendered":"http:\/\/vertienteglobal.com\/?p=164689"},"modified":"2020-08-10T22:56:44","modified_gmt":"2020-08-11T03:56:44","slug":"elida-se-intensifica-a-huracan-categoria-1","status":"publish","type":"post","link":"http:\/\/vertienteglobal.com\/?p=164689","title":{"rendered":"Elida se intensifica a hurac\u00e1n categor\u00eda 1"},"content":{"rendered":"\n<div class=\"twitterbutton\" style=\"float: right; padding-left: 5px;\"><a href=\"http:\/\/twitter.com\/share\" class=\"twitter-share-button\" data-count=\"horizontal\" data-text=\"Elida se intensifica a hurac\u00e1n categor\u00eda 1\" data-via=\"https:\/\/twitter.com\/VertienteGloba1\" data-url=\"http:\/\/vertienteglobal.com\/?p=164689\" data-lang=\"es\" data-related=\"Informaci\u00f3n general:S\u00edguenos para que est\u00e9ss informado\"><\/a><\/div>\n<figure class=\"wp-block-image size-large\"><img loading=\"lazy\" decoding=\"async\" width=\"961\" height=\"578\" src=\"http:\/\/vertienteglobal.com\/wp-content\/uploads\/2020\/08\/IMG_20200810_225606.jpg\" alt=\"\" class=\"wp-image-164690\" srcset=\"http:\/\/vertienteglobal.com\/wp-content\/uploads\/2020\/08\/IMG_20200810_225606.jpg 961w, http:\/\/vertienteglobal.com\/wp-content\/uploads\/2020\/08\/IMG_20200810_225606-300x180.jpg 300w, http:\/\/vertienteglobal.com\/wp-content\/uploads\/2020\/08\/IMG_20200810_225606-150x90.jpg 150w, http:\/\/vertienteglobal.com\/wp-content\/uploads\/2020\/08\/IMG_20200810_225606-768x462.jpg 768w\" sizes=\"auto, (max-width: 961px) 100vw, 961px\" \/><\/figure>\n\n\n\n<p>(Redacci\u00f3n)<\/p>\n\n\n\n<p>Las bandas nubosas del cicl\u00f3n ocasionar\u00e1n lluvias fuertes en Baja California Sur, Colima, Jalisco, Nayarit y Sinaloa<\/p>\n\n\n\n<p>Ciudad de M\u00e9xico a 10 de agosto de 2020.- Esta tarde, Elida se intensific\u00f3 a hurac\u00e1n de categor\u00eda 1 en la escala Saffir-Simpson. A las 16:00 horas, tiempo del centro de M\u00e9xico, su centro se localiz\u00f3 aproximadamente a 90 kil\u00f3metros (km) al norte de Isla Socorro, Colima, y a 380 km al sur-suroeste de Cabo San Lucas, Baja California Sur.<\/p>\n\n\n\n<p>El sistema tiene vientos m\u00e1ximos sostenidos de 120 kil\u00f3metros por hora (km\/h), rachas de 150 km\/h y desplazamiento al oeste-noroeste a 22 km\/h. En las pr\u00f3ximas horas, el desprendimiento de sus bandas nubosas ocasionar\u00e1n rachas fuertes de viento y lluvias fuertes (de 25 a 50 mil\u00edmetros) en Baja California Sur, Colima, Jalisco, Nayarit y Sinaloa, as\u00ed como oleaje de 2 a 3 metros de altura en las costas de Baja California Sur y Jalisco.<\/p>\n\n\n\n<p>Se exhorta a la poblaci\u00f3n de los estados mencionados y a la navegaci\u00f3n mar\u00edtima atender los avisos del Servicio Meteorol\u00f3gico Nacional y las indicaciones de Protecci\u00f3n Civil, e informarse sobre las condiciones meteorol\u00f3gicas mediante las p\u00e1ginas de internet www.gob.mx\/conagua y https:\/\/smn.conagua.gob.mx, en las cuentas de Twitter @conagua_mx y @conagua_clima, y de Facebook www.facebook.com\/conaguamx, as\u00ed como en la aplicaci\u00f3n para dispositivos m\u00f3viles ConaguaClima, donde se puede consultar el pron\u00f3stico por municipio.<\/p>\n\n\n\n<p>Consulte el viso especial del cicl\u00f3n tropical en: https:\/\/bit.ly\/3fHN64J<\/p>\n","protected":false},"excerpt":{"rendered":"<p>(Redacci\u00f3n) Las bandas nubosas del cicl\u00f3n ocasionar\u00e1n lluvias fuertes en Baja California Sur, Colima, Jalisco, Nayarit y Sinaloa Ciudad de M\u00e9xico a 10 de agosto de 2020.- Esta tarde, Elida se intensific\u00f3 a hurac\u00e1n de categor\u00eda 1 en la escala Saffir-Simpson. A las 16:00 horas, tiempo del centro de M\u00e9xico, su centro se localiz\u00f3 aproximadamente [&hellip;]<\/p>\n","protected":false},"author":1,"featured_media":164690,"comment_status":"open","ping_status":"open","sticky":false,"template":"","format":"standard","meta":{"footnotes":""},"categories":[8],"tags":[],"class_list":["post-164689","post","type-post","status-publish","format-standard","has-post-thumbnail","hentry","category-pais","entry","has-media"],"jetpack_featured_media_url":"http:\/\/vertienteglobal.com\/wp-content\/uploads\/2020\/08\/IMG_20200810_225606.jpg","_links":{"self":[{"href":"http:\/\/vertienteglobal.com\/index.php?rest_route=\/wp\/v2\/posts\/164689","targetHints":{"allow":["GET"]}}],"collection":[{"href":"http:\/\/vertienteglobal.com\/index.php?rest_route=\/wp\/v2\/posts"}],"about":[{"href":"http:\/\/vertienteglobal.com\/index.php?rest_route=\/wp\/v2\/types\/post"}],"author":[{"embeddable":true,"href":"http:\/\/vertienteglobal.com\/index.php?rest_route=\/wp\/v2\/users\/1"}],"replies":[{"embeddable":true,"href":"http:\/\/vertienteglobal.com\/index.php?rest_route=%2Fwp%2Fv2%2Fcomments&post=164689"}],"version-history":[{"count":0,"href":"http:\/\/vertienteglobal.com\/index.php?rest_route=\/wp\/v2\/posts\/164689\/revisions"}],"wp:featuredmedia":[{"embeddable":true,"href":"http:\/\/vertienteglobal.com\/index.php?rest_route=\/wp\/v2\/media\/164690"}],"wp:attachment":[{"href":"http:\/\/vertienteglobal.com\/index.php?rest_route=%2Fwp%2Fv2%2Fmedia&parent=164689"}],"wp:term":[{"taxonomy":"category","embeddable":true,"href":"http:\/\/vertienteglobal.com\/index.php?rest_route=%2Fwp%2Fv2%2Fcategories&post=164689"},{"taxonomy":"post_tag","embeddable":true,"href":"http:\/\/vertienteglobal.com\/index.php?rest_route=%2Fwp%2Fv2%2Ftags&post=164689"}],"curies":[{"name":"wp","href":"https:\/\/api.w.org\/{rel}","templated":true}]}}