{"id":164459,"date":"2020-08-07T17:37:00","date_gmt":"2020-08-07T22:37:00","guid":{"rendered":"http:\/\/vertienteglobal.com\/?p=164459"},"modified":"2020-08-07T22:38:30","modified_gmt":"2020-08-08T03:38:30","slug":"cierra-profeco-merida-una-semana-por-un-caso-positivo-de-covid-19","status":"publish","type":"post","link":"http:\/\/vertienteglobal.com\/?p=164459","title":{"rendered":"Cierra Profeco M\u00e9rida una semana por un caso positivo de Covid-19"},"content":{"rendered":"\n<div class=\"twitterbutton\" style=\"float: right; padding-left: 5px;\"><a href=\"http:\/\/twitter.com\/share\" class=\"twitter-share-button\" data-count=\"horizontal\" data-text=\"Cierra Profeco M\u00e9rida una semana por un caso positivo de Covid-19\" data-via=\"https:\/\/twitter.com\/VertienteGloba1\" data-url=\"http:\/\/vertienteglobal.com\/?p=164459\" data-lang=\"es\" data-related=\"Informaci\u00f3n general:S\u00edguenos para que est\u00e9ss informado\"><\/a><\/div>\n<figure class=\"wp-block-image size-large\"><img loading=\"lazy\" decoding=\"async\" width=\"480\" height=\"295\" src=\"http:\/\/vertienteglobal.com\/wp-content\/uploads\/2020\/08\/IMG_20200807_215610.jpg\" alt=\"\" class=\"wp-image-164460\" srcset=\"http:\/\/vertienteglobal.com\/wp-content\/uploads\/2020\/08\/IMG_20200807_215610.jpg 480w, http:\/\/vertienteglobal.com\/wp-content\/uploads\/2020\/08\/IMG_20200807_215610-300x184.jpg 300w, http:\/\/vertienteglobal.com\/wp-content\/uploads\/2020\/08\/IMG_20200807_215610-150x92.jpg 150w\" sizes=\"auto, (max-width: 480px) 100vw, 480px\" \/><\/figure>\n\n\n\n<p>(Redacci\u00f3n)<\/p>\n\n\n\n<p>Luego de confirmar que un trabajador de esta ODECO dio positivo el 6 de Agosto, se aplica el protocolo de cierre para proteger a trabajadores y usuarios<\/p>\n\n\n\n<p>La ODECO M\u00e9rida sigue trabajando y contar\u00e1 con atenci\u00f3n a distancia<\/p>\n\n\n\n<p>Merida, Yucat\u00e1n, a 07 de agosto 2020.- En atenci\u00f3n al Protocolo sanitario, la Oficina de Defensa del Consumidor (ODECO) en M\u00e9rida Yucat\u00e1n, cerrar\u00e1 sus instalaciones del 07 al 14 de agosto, luego de confirmar el d\u00eda de ayer un caso de Covid -19 en uno de sus trabajadores. La persona contagiada se encuentra estable y ya recibe atenci\u00f3n especializada y quienes estuvieron en contacto ya fueron aislados como lo marca dicha normatividad.<\/p>\n\n\n\n<p>Es importante se\u00f1alar que las audiencias y procedimientos en este per\u00edodo ser\u00e1n reprogramados y notificados por correo electr\u00f3nico o v\u00eda telef\u00f3nica.<\/p>\n\n\n\n<p>Para cualquier tr\u00e1mite o asunto, le pedimos comunicarse al tel\u00e9fono del consumidor:<br>555 568 8722 y 800 468 8722. Para procedimientos de quejas y denuncias a trav\u00e9s de las herramientas digitales: CONCILIANET: contactoconcilianet@profeco.gob.mx, CONCILIAEXPRESS 5555 68 8722 y la APP litroxlitro.<\/p>\n","protected":false},"excerpt":{"rendered":"<p>(Redacci\u00f3n) Luego de confirmar que un trabajador de esta ODECO dio positivo el 6 de Agosto, se aplica el protocolo de cierre para proteger a trabajadores y usuarios La ODECO M\u00e9rida sigue trabajando y contar\u00e1 con atenci\u00f3n a distancia Merida, Yucat\u00e1n, a 07 de agosto 2020.- En atenci\u00f3n al Protocolo sanitario, la Oficina de Defensa [&hellip;]<\/p>\n","protected":false},"author":1,"featured_media":164460,"comment_status":"open","ping_status":"open","sticky":false,"template":"","format":"standard","meta":{"footnotes":""},"categories":[2],"tags":[],"class_list":["post-164459","post","type-post","status-publish","format-standard","has-post-thumbnail","hentry","category-yucatan","entry","has-media"],"jetpack_featured_media_url":"http:\/\/vertienteglobal.com\/wp-content\/uploads\/2020\/08\/IMG_20200807_215610.jpg","_links":{"self":[{"href":"http:\/\/vertienteglobal.com\/index.php?rest_route=\/wp\/v2\/posts\/164459","targetHints":{"allow":["GET"]}}],"collection":[{"href":"http:\/\/vertienteglobal.com\/index.php?rest_route=\/wp\/v2\/posts"}],"about":[{"href":"http:\/\/vertienteglobal.com\/index.php?rest_route=\/wp\/v2\/types\/post"}],"author":[{"embeddable":true,"href":"http:\/\/vertienteglobal.com\/index.php?rest_route=\/wp\/v2\/users\/1"}],"replies":[{"embeddable":true,"href":"http:\/\/vertienteglobal.com\/index.php?rest_route=%2Fwp%2Fv2%2Fcomments&post=164459"}],"version-history":[{"count":0,"href":"http:\/\/vertienteglobal.com\/index.php?rest_route=\/wp\/v2\/posts\/164459\/revisions"}],"wp:featuredmedia":[{"embeddable":true,"href":"http:\/\/vertienteglobal.com\/index.php?rest_route=\/wp\/v2\/media\/164460"}],"wp:attachment":[{"href":"http:\/\/vertienteglobal.com\/index.php?rest_route=%2Fwp%2Fv2%2Fmedia&parent=164459"}],"wp:term":[{"taxonomy":"category","embeddable":true,"href":"http:\/\/vertienteglobal.com\/index.php?rest_route=%2Fwp%2Fv2%2Fcategories&post=164459"},{"taxonomy":"post_tag","embeddable":true,"href":"http:\/\/vertienteglobal.com\/index.php?rest_route=%2Fwp%2Fv2%2Ftags&post=164459"}],"curies":[{"name":"wp","href":"https:\/\/api.w.org\/{rel}","templated":true}]}}