{"id":164199,"date":"2020-08-04T08:42:00","date_gmt":"2020-08-04T13:42:00","guid":{"rendered":"http:\/\/vertienteglobal.com\/?p=164199"},"modified":"2020-08-04T10:06:35","modified_gmt":"2020-08-04T15:06:35","slug":"se-puede-garantizar-la-paz-y-tranquilidad-cuando-se-atiende-al-pueblo-amlo","status":"publish","type":"post","link":"http:\/\/vertienteglobal.com\/?p=164199","title":{"rendered":"Se puede garantizar la paz y tranquilidad cuando se atiende al pueblo: AMLO"},"content":{"rendered":"\n<div class=\"twitterbutton\" style=\"float: right; padding-left: 5px;\"><a href=\"http:\/\/twitter.com\/share\" class=\"twitter-share-button\" data-count=\"horizontal\" data-text=\"Se puede garantizar la paz y tranquilidad cuando se atiende al pueblo: AMLO\" data-via=\"https:\/\/twitter.com\/VertienteGloba1\" data-url=\"http:\/\/vertienteglobal.com\/?p=164199\" data-lang=\"es\" data-related=\"Informaci\u00f3n general:S\u00edguenos para que est\u00e9ss informado\"><\/a><\/div>\n<figure class=\"wp-block-image size-large\"><img loading=\"lazy\" decoding=\"async\" width=\"1024\" height=\"657\" src=\"http:\/\/vertienteglobal.com\/wp-content\/uploads\/2020\/08\/IMG-20200804-WA0004.jpg\" alt=\"\" class=\"wp-image-164200\" srcset=\"http:\/\/vertienteglobal.com\/wp-content\/uploads\/2020\/08\/IMG-20200804-WA0004.jpg 1024w, http:\/\/vertienteglobal.com\/wp-content\/uploads\/2020\/08\/IMG-20200804-WA0004-300x192.jpg 300w, http:\/\/vertienteglobal.com\/wp-content\/uploads\/2020\/08\/IMG-20200804-WA0004-150x96.jpg 150w, http:\/\/vertienteglobal.com\/wp-content\/uploads\/2020\/08\/IMG-20200804-WA0004-768x493.jpg 768w\" sizes=\"auto, (max-width: 1024px) 100vw, 1024px\" \/><\/figure>\n\n\n\n<p>(Redacci\u00f3n)<\/p>\n\n\n\n<p>Inform\u00f3 que se est\u00e1 \u00abdando prioridad a esta entidad\u00bb, al tiempo que aseguro que tiene muy buena relaci\u00f3n con el gobernador Antonio Echevarr\u00eda<\/p>\n\n\n\n<p>Nayarit, Nayrit, a 04 de agosto de 2020.- El presidente Andr\u00e9s Manuel L\u00f3pez Obrador asegur\u00f3 este martes, que se puede garantizar la paz y la tranquilidad cuando se atiende al pueblo.<\/p>\n\n\n\n<p>Y es que durante conferencia de prensa, el presidente dijo que Nayarit es una de las entidades m\u00e1s seguras de M\u00e9xico.<\/p>\n\n\n\n<p>Aunado a esto, se\u00f1al\u00f3 que se est\u00e1 \u00abdando prioridad a esta entidad\u00bb, al tiempo que aseguro que tiene muy buena relaci\u00f3n con el gobernador Antonio Echevarr\u00eda.<\/p>\n\n\n\n<p>En este sentido, el mandatario federal dijo que en dicha entidad \u00abse ha ido avanzado mucho, de no permitir el contubernio entre delincuencia y actividades\u00bb.<\/p>\n","protected":false},"excerpt":{"rendered":"<p>(Redacci\u00f3n) Inform\u00f3 que se est\u00e1 \u00abdando prioridad a esta entidad\u00bb, al tiempo que aseguro que tiene muy buena relaci\u00f3n con el gobernador Antonio Echevarr\u00eda Nayarit, Nayrit, a 04 de agosto de 2020.- El presidente Andr\u00e9s Manuel L\u00f3pez Obrador asegur\u00f3 este martes, que se puede garantizar la paz y la tranquilidad cuando se atiende al pueblo. [&hellip;]<\/p>\n","protected":false},"author":1,"featured_media":164200,"comment_status":"open","ping_status":"open","sticky":false,"template":"","format":"standard","meta":{"footnotes":""},"categories":[8],"tags":[],"class_list":["post-164199","post","type-post","status-publish","format-standard","has-post-thumbnail","hentry","category-pais","entry","has-media"],"jetpack_featured_media_url":"http:\/\/vertienteglobal.com\/wp-content\/uploads\/2020\/08\/IMG-20200804-WA0004.jpg","_links":{"self":[{"href":"http:\/\/vertienteglobal.com\/index.php?rest_route=\/wp\/v2\/posts\/164199","targetHints":{"allow":["GET"]}}],"collection":[{"href":"http:\/\/vertienteglobal.com\/index.php?rest_route=\/wp\/v2\/posts"}],"about":[{"href":"http:\/\/vertienteglobal.com\/index.php?rest_route=\/wp\/v2\/types\/post"}],"author":[{"embeddable":true,"href":"http:\/\/vertienteglobal.com\/index.php?rest_route=\/wp\/v2\/users\/1"}],"replies":[{"embeddable":true,"href":"http:\/\/vertienteglobal.com\/index.php?rest_route=%2Fwp%2Fv2%2Fcomments&post=164199"}],"version-history":[{"count":0,"href":"http:\/\/vertienteglobal.com\/index.php?rest_route=\/wp\/v2\/posts\/164199\/revisions"}],"wp:featuredmedia":[{"embeddable":true,"href":"http:\/\/vertienteglobal.com\/index.php?rest_route=\/wp\/v2\/media\/164200"}],"wp:attachment":[{"href":"http:\/\/vertienteglobal.com\/index.php?rest_route=%2Fwp%2Fv2%2Fmedia&parent=164199"}],"wp:term":[{"taxonomy":"category","embeddable":true,"href":"http:\/\/vertienteglobal.com\/index.php?rest_route=%2Fwp%2Fv2%2Fcategories&post=164199"},{"taxonomy":"post_tag","embeddable":true,"href":"http:\/\/vertienteglobal.com\/index.php?rest_route=%2Fwp%2Fv2%2Ftags&post=164199"}],"curies":[{"name":"wp","href":"https:\/\/api.w.org\/{rel}","templated":true}]}}