{"id":164171,"date":"2020-08-03T09:24:00","date_gmt":"2020-08-03T14:24:00","guid":{"rendered":"http:\/\/vertienteglobal.com\/?p=164171"},"modified":"2020-08-03T20:16:13","modified_gmt":"2020-08-04T01:16:13","slug":"gobernador-de-veracruz-y-diputados-se-unen-para-fortalecer-estrategia-contra-covid-19","status":"publish","type":"post","link":"http:\/\/vertienteglobal.com\/?p=164171","title":{"rendered":"Gobernador de Veracruz y diputados se unen para fortalecer estrategia contra COVID-19"},"content":{"rendered":"\n<div class=\"twitterbutton\" style=\"float: right; padding-left: 5px;\"><a href=\"http:\/\/twitter.com\/share\" class=\"twitter-share-button\" data-count=\"horizontal\" data-text=\"Gobernador de Veracruz y diputados se unen para fortalecer estrategia contra COV...\" data-via=\"https:\/\/twitter.com\/VertienteGloba1\" data-url=\"http:\/\/vertienteglobal.com\/?p=164171\" data-lang=\"es\" data-related=\"Informaci\u00f3n general:S\u00edguenos para que est\u00e9ss informado\"><\/a><\/div>\n<figure class=\"wp-block-image size-large\"><img loading=\"lazy\" decoding=\"async\" width=\"1024\" height=\"563\" src=\"http:\/\/vertienteglobal.com\/wp-content\/uploads\/2020\/08\/1114415.jpg\" alt=\"\" class=\"wp-image-164172\" srcset=\"http:\/\/vertienteglobal.com\/wp-content\/uploads\/2020\/08\/1114415.jpg 1024w, http:\/\/vertienteglobal.com\/wp-content\/uploads\/2020\/08\/1114415-300x165.jpg 300w, http:\/\/vertienteglobal.com\/wp-content\/uploads\/2020\/08\/1114415-150x82.jpg 150w, http:\/\/vertienteglobal.com\/wp-content\/uploads\/2020\/08\/1114415-768x422.jpg 768w\" sizes=\"auto, (max-width: 1024px) 100vw, 1024px\" \/><\/figure>\n\n\n\n<p>(Redacci\u00f3n)<\/p>\n\n\n\n<p>El mandatario estatal expres\u00f3 que se busca que los diputados de Veracruz, difundan la estrategia para combatir el coronavirus, la cual es presentada a nivel federal por el subsecretario de Salud, Hugo L\u00f3pez-Gatell, as\u00ed como la presentada por el secretario de Salud de Veracruz, Roberto Ramos Alor<\/p>\n\n\n\n<p>Xalapa, Veracruz, a 03 de agosto de 2020.- El gobernador de Veracruz, Cuitl\u00e1huac Garc\u00eda Jim\u00e9nez inform\u00f3 que ante el receso legislativo, los diputados locales se unir\u00e1n para fortalecer la estrategia contra el COVID-19.<\/p>\n\n\n\n<p>\u00abEste domingo nos dimos un espacio con algunos diputados y diputadas para reforzar la estrategia contra la pandemia y acordamos que nos ayuden a difundir la estrategia que se transmite diariamente\u00bb.<\/p>\n\n\n\n<p>A trav\u00e9s de un video publicado en su cuenta de Twitter, el mandatario estatal expres\u00f3 que se busca que los diputados de Veracruz, difundan la estrategia para combatir el coronavirus, la cual es presentada a nivel federal por el subsecretario de Salud, Hugo L\u00f3pez-Gatell, as\u00ed como la presentada por el secretario de Salud de Veracruz, Roberto Ramos Alor.<\/p>\n\n\n\n<p>\u00abEste domingo con SanaDistancia, me reun\u00ed con algunas legisladoras y diputados, aprovech\u00e9 para externarles mi reconocimiento por la labor que est\u00e1n realizando en el Congreso del Estado. Seguiremos trabajando en coordinaci\u00f3n para continuar con los resultados positivos en Veracruz\u00bb.<\/p>\n","protected":false},"excerpt":{"rendered":"<p>(Redacci\u00f3n) El mandatario estatal expres\u00f3 que se busca que los diputados de Veracruz, difundan la estrategia para combatir el coronavirus, la cual es presentada a nivel federal por el subsecretario de Salud, Hugo L\u00f3pez-Gatell, as\u00ed como la presentada por el secretario de Salud de Veracruz, Roberto Ramos Alor Xalapa, Veracruz, a 03 de agosto de [&hellip;]<\/p>\n","protected":false},"author":1,"featured_media":164172,"comment_status":"open","ping_status":"open","sticky":false,"template":"","format":"standard","meta":{"footnotes":""},"categories":[7],"tags":[],"class_list":["post-164171","post","type-post","status-publish","format-standard","has-post-thumbnail","hentry","category-veracruz","entry","has-media"],"jetpack_featured_media_url":"http:\/\/vertienteglobal.com\/wp-content\/uploads\/2020\/08\/1114415.jpg","_links":{"self":[{"href":"http:\/\/vertienteglobal.com\/index.php?rest_route=\/wp\/v2\/posts\/164171","targetHints":{"allow":["GET"]}}],"collection":[{"href":"http:\/\/vertienteglobal.com\/index.php?rest_route=\/wp\/v2\/posts"}],"about":[{"href":"http:\/\/vertienteglobal.com\/index.php?rest_route=\/wp\/v2\/types\/post"}],"author":[{"embeddable":true,"href":"http:\/\/vertienteglobal.com\/index.php?rest_route=\/wp\/v2\/users\/1"}],"replies":[{"embeddable":true,"href":"http:\/\/vertienteglobal.com\/index.php?rest_route=%2Fwp%2Fv2%2Fcomments&post=164171"}],"version-history":[{"count":0,"href":"http:\/\/vertienteglobal.com\/index.php?rest_route=\/wp\/v2\/posts\/164171\/revisions"}],"wp:featuredmedia":[{"embeddable":true,"href":"http:\/\/vertienteglobal.com\/index.php?rest_route=\/wp\/v2\/media\/164172"}],"wp:attachment":[{"href":"http:\/\/vertienteglobal.com\/index.php?rest_route=%2Fwp%2Fv2%2Fmedia&parent=164171"}],"wp:term":[{"taxonomy":"category","embeddable":true,"href":"http:\/\/vertienteglobal.com\/index.php?rest_route=%2Fwp%2Fv2%2Fcategories&post=164171"},{"taxonomy":"post_tag","embeddable":true,"href":"http:\/\/vertienteglobal.com\/index.php?rest_route=%2Fwp%2Fv2%2Ftags&post=164171"}],"curies":[{"name":"wp","href":"https:\/\/api.w.org\/{rel}","templated":true}]}}