{"id":164113,"date":"2020-08-02T17:53:51","date_gmt":"2020-08-02T22:53:51","guid":{"rendered":"http:\/\/vertienteglobal.com\/?p=164113"},"modified":"2020-08-03T17:56:22","modified_gmt":"2020-08-03T22:56:22","slug":"se-fortalece-el-pt-en-quintana-roo-con-la-designacion-de-juan-pablo-aguilera-en-la-coordinadora-estatal","status":"publish","type":"post","link":"http:\/\/vertienteglobal.com\/?p=164113","title":{"rendered":"Se fortalece el PT en Quintana Roo con la designaci\u00f3n de Juan Pablo Aguilera en la Coordinadora Estatal"},"content":{"rendered":"\n<div class=\"twitterbutton\" style=\"float: right; padding-left: 5px;\"><a href=\"http:\/\/twitter.com\/share\" class=\"twitter-share-button\" data-count=\"horizontal\" data-text=\"Se fortalece el PT en Quintana Roo con la designaci\u00f3n de Juan Pablo Aguilera en...\" data-via=\"https:\/\/twitter.com\/VertienteGloba1\" data-url=\"http:\/\/vertienteglobal.com\/?p=164113\" data-lang=\"es\" data-related=\"Informaci\u00f3n general:S\u00edguenos para que est\u00e9ss informado\"><\/a><\/div>\n<figure class=\"wp-block-image size-large\"><img loading=\"lazy\" decoding=\"async\" width=\"1024\" height=\"682\" src=\"http:\/\/vertienteglobal.com\/wp-content\/uploads\/2020\/08\/IMG-20200803-WA0007-1024x682.jpg\" alt=\"\" class=\"wp-image-164114\" srcset=\"http:\/\/vertienteglobal.com\/wp-content\/uploads\/2020\/08\/IMG-20200803-WA0007-1024x682.jpg 1024w, http:\/\/vertienteglobal.com\/wp-content\/uploads\/2020\/08\/IMG-20200803-WA0007-300x200.jpg 300w, http:\/\/vertienteglobal.com\/wp-content\/uploads\/2020\/08\/IMG-20200803-WA0007-150x100.jpg 150w, http:\/\/vertienteglobal.com\/wp-content\/uploads\/2020\/08\/IMG-20200803-WA0007-768x512.jpg 768w, http:\/\/vertienteglobal.com\/wp-content\/uploads\/2020\/08\/IMG-20200803-WA0007.jpg 1280w\" sizes=\"auto, (max-width: 1024px) 100vw, 1024px\" \/><\/figure>\n\n\n\n<p>(Redaccion)<\/p>\n\n\n\n<p>Aguilera Negr\u00f3n es una persona con amplia experiencia pol\u00edtica, con capacidad de negociaci\u00f3n y responsabilidad probada<\/p>\n\n\n\n<p>Canc\u00fan, Quintana Roo, 02 de agosto de 2020.- Con el objetivo de fortalecer todas sus l\u00edneas con miras al proceso electoral de 2021, el Partido del Trabajo en Quintana Roo integr\u00f3 su Coordinadora Estatal y su comisi\u00f3n Ejecutiva.<\/p>\n\n\n\n<p>Dicha instancia se encargar\u00e1 de llevar el proceso interno en el que el PT participar\u00e1 ya sea con candidatos propios o en coalici\u00f3n con Morena y el PVEM.<\/p>\n\n\n\n<p>Por tal motivo se eligi\u00f3 a Juan Pablo Aguilera Negr\u00f3n en la Coordinadora Estatal del Partido del Trabajo.<\/p>\n\n\n\n<p>Aguilera Negr\u00f3n es una persona con amplia experiencia pol\u00edtica, con capacidad de negociaci\u00f3n y responsabilidad probada.<\/p>\n\n\n\n<p>Fue candidato por el Partido del Trabajo, en coalici\u00f3n con Morena, a la presidencia municipal de Puerto Morelos en 2018.<\/p>\n\n\n\n<p>Es regidor con licencia en Puerto Morelos y ayud\u00f3 a la Cuarta Transformaci\u00f3n en los inicios de los trabajos del Gobierno Federal en Quintana Roo.<\/p>\n\n\n\n<p>Juan Pablo Aguilera Negr\u00f3n tendr\u00e1 la responsabilidad de ser parte de la conducci\u00f3n de los trabajos del PT en Quintana Roo, de cara los comicios de 2021, a\u00f1o en el que habr\u00e1 de elegirse, en el caso de la entidad, las 11 presidencias municipales y sus correspondientes regidur\u00edas.<\/p>\n\n\n\n<p>Amadeo Espinosa, representante de Alberto Anaya, dirigente nacional del PT, explic\u00f3 que la Coordinadora Estatal tiene por delante un trabajo muy importante y una clave del \u00e9xito ser\u00e1 la capacidad en ponerse de acuerdo por parte de todos sus integrantes.<\/p>\n\n\n\n<p>\u00abEl Partido del Trabajo tiene la virtud de no ser un partido vertical, eso implica que los compa\u00f1eros se re\u00fanan para tomar decisiones.<br>Amadeo Espinosa a\u00f1adi\u00f3 que el Partido del Trabajo aspira a dejar de ser el instituto pol\u00edtico que pelee por alcanzar s\u00f3lo el tres por ciento de la votaci\u00f3n.<\/p>\n\n\n\n<p>\u00abViene la elecci\u00f3n m\u00e1s grande en el pa\u00eds, tomando en cuenta todos los puestos y cargos que se van a renovar, por lo que nosotros estamos listos y organizados\u00bb, afirm\u00f3.<\/p>\n\n\n\n<p>Por su parte, el diputado local, Hern\u00e1n Villatoro Barrios, destac\u00f3 tres puntos que calific\u00f3 como claves para el \u00e9xito del partido en Quintana Roo.<\/p>\n\n\n\n<p>\u00abEl partido est\u00e1 organizado con representaci\u00f3n en los 11 municipios\u00bb, subray\u00f3 en cuanto a la presencia que se tiene en cada uno de los municipios del territorio quintanarroense.<\/p>\n\n\n\n<p>\u00abEstamos preparados para la elecci\u00f3n de los 11 ayuntamientos\u00bb, agreg\u00f3 con relaci\u00f3n a lo que viene y la manera en c\u00f3mo lo van a afrontar.<br>\u00abDebemos nombrar gobernantes comprometidos con el pueblo.<\/p>\n\n\n\n<p>El Partido del Trabajo tiene que asumirse como el partido que encabece la aut\u00e9ntica Cuarta Transformaci\u00f3n\u00bb, a\u00f1adi\u00f3 al tiempo de dejar en claro que se debe elegir bien para que no nominen y apoyen a personas que apenas ganan y asumen el cargo traicionan los ideales del PT y enga\u00f1an al pueblo que los apoy\u00f3.<\/p>\n\n\n\n<p>Patricia Casados Paj\u00edn, comisionada nacional del PT en Quintana Roo, expuso que son tiempos de mucho trabajo y unidad para fortalecer al partido con la mira en las elecciones del a\u00f1o entrante.<\/p>\n\n\n\n<figure class=\"wp-block-image size-large\"><img loading=\"lazy\" decoding=\"async\" width=\"801\" height=\"1024\" src=\"http:\/\/vertienteglobal.com\/wp-content\/uploads\/2020\/08\/IMG-20200802-WA0008-801x1024.jpg\" alt=\"\" class=\"wp-image-164115\" srcset=\"http:\/\/vertienteglobal.com\/wp-content\/uploads\/2020\/08\/IMG-20200802-WA0008-801x1024.jpg 801w, http:\/\/vertienteglobal.com\/wp-content\/uploads\/2020\/08\/IMG-20200802-WA0008-235x300.jpg 235w, http:\/\/vertienteglobal.com\/wp-content\/uploads\/2020\/08\/IMG-20200802-WA0008-117x150.jpg 117w, http:\/\/vertienteglobal.com\/wp-content\/uploads\/2020\/08\/IMG-20200802-WA0008-768x982.jpg 768w, http:\/\/vertienteglobal.com\/wp-content\/uploads\/2020\/08\/IMG-20200802-WA0008.jpg 1001w\" sizes=\"auto, (max-width: 801px) 100vw, 801px\" \/><\/figure>\n\n\n\n<figure class=\"wp-block-image size-large\"><img loading=\"lazy\" decoding=\"async\" width=\"1024\" height=\"682\" src=\"http:\/\/vertienteglobal.com\/wp-content\/uploads\/2020\/08\/IMG-20200803-WA0004-1024x682.jpg\" alt=\"\" class=\"wp-image-164116\" srcset=\"http:\/\/vertienteglobal.com\/wp-content\/uploads\/2020\/08\/IMG-20200803-WA0004-1024x682.jpg 1024w, http:\/\/vertienteglobal.com\/wp-content\/uploads\/2020\/08\/IMG-20200803-WA0004-300x200.jpg 300w, http:\/\/vertienteglobal.com\/wp-content\/uploads\/2020\/08\/IMG-20200803-WA0004-150x100.jpg 150w, http:\/\/vertienteglobal.com\/wp-content\/uploads\/2020\/08\/IMG-20200803-WA0004-768x512.jpg 768w, http:\/\/vertienteglobal.com\/wp-content\/uploads\/2020\/08\/IMG-20200803-WA0004.jpg 1280w\" sizes=\"auto, (max-width: 1024px) 100vw, 1024px\" \/><\/figure>\n","protected":false},"excerpt":{"rendered":"<p>(Redaccion) Aguilera Negr\u00f3n es una persona con amplia experiencia pol\u00edtica, con capacidad de negociaci\u00f3n y responsabilidad probada Canc\u00fan, Quintana Roo, 02 de agosto de 2020.- Con el objetivo de fortalecer todas sus l\u00edneas con miras al proceso electoral de 2021, el Partido del Trabajo en Quintana Roo integr\u00f3 su Coordinadora Estatal y su comisi\u00f3n Ejecutiva. [&hellip;]<\/p>\n","protected":false},"author":1,"featured_media":164114,"comment_status":"open","ping_status":"open","sticky":false,"template":"","format":"standard","meta":{"footnotes":""},"categories":[3],"tags":[],"class_list":["post-164113","post","type-post","status-publish","format-standard","has-post-thumbnail","hentry","category-quintana-roo","entry","has-media"],"jetpack_featured_media_url":"http:\/\/vertienteglobal.com\/wp-content\/uploads\/2020\/08\/IMG-20200803-WA0007.jpg","_links":{"self":[{"href":"http:\/\/vertienteglobal.com\/index.php?rest_route=\/wp\/v2\/posts\/164113","targetHints":{"allow":["GET"]}}],"collection":[{"href":"http:\/\/vertienteglobal.com\/index.php?rest_route=\/wp\/v2\/posts"}],"about":[{"href":"http:\/\/vertienteglobal.com\/index.php?rest_route=\/wp\/v2\/types\/post"}],"author":[{"embeddable":true,"href":"http:\/\/vertienteglobal.com\/index.php?rest_route=\/wp\/v2\/users\/1"}],"replies":[{"embeddable":true,"href":"http:\/\/vertienteglobal.com\/index.php?rest_route=%2Fwp%2Fv2%2Fcomments&post=164113"}],"version-history":[{"count":0,"href":"http:\/\/vertienteglobal.com\/index.php?rest_route=\/wp\/v2\/posts\/164113\/revisions"}],"wp:featuredmedia":[{"embeddable":true,"href":"http:\/\/vertienteglobal.com\/index.php?rest_route=\/wp\/v2\/media\/164114"}],"wp:attachment":[{"href":"http:\/\/vertienteglobal.com\/index.php?rest_route=%2Fwp%2Fv2%2Fmedia&parent=164113"}],"wp:term":[{"taxonomy":"category","embeddable":true,"href":"http:\/\/vertienteglobal.com\/index.php?rest_route=%2Fwp%2Fv2%2Fcategories&post=164113"},{"taxonomy":"post_tag","embeddable":true,"href":"http:\/\/vertienteglobal.com\/index.php?rest_route=%2Fwp%2Fv2%2Ftags&post=164113"}],"curies":[{"name":"wp","href":"https:\/\/api.w.org\/{rel}","templated":true}]}}