{"id":164086,"date":"2020-07-31T20:24:25","date_gmt":"2020-08-01T01:24:25","guid":{"rendered":"http:\/\/vertienteglobal.com\/?p=164086"},"modified":"2020-08-03T17:25:41","modified_gmt":"2020-08-03T22:25:41","slug":"todo-lo-que-debes-saber-sobre-la-nueva-marcacion-a-10-digitos","status":"publish","type":"post","link":"http:\/\/vertienteglobal.com\/?p=164086","title":{"rendered":"Todo lo que debes saber sobre la nueva marcaci\u00f3n a 10 d\u00edgitos"},"content":{"rendered":"\n<div class=\"twitterbutton\" style=\"float: right; padding-left: 5px;\"><a href=\"http:\/\/twitter.com\/share\" class=\"twitter-share-button\" data-count=\"horizontal\" data-text=\"Todo lo que debes saber sobre la nueva marcaci\u00f3n a 10 d\u00edgitos\" data-via=\"https:\/\/twitter.com\/VertienteGloba1\" data-url=\"http:\/\/vertienteglobal.com\/?p=164086\" data-lang=\"es\" data-related=\"Informaci\u00f3n general:S\u00edguenos para que est\u00e9ss informado\"><\/a><\/div>\n<figure class=\"wp-block-image size-large\"><img loading=\"lazy\" decoding=\"async\" width=\"1024\" height=\"683\" src=\"http:\/\/vertienteglobal.com\/wp-content\/uploads\/2020\/08\/1113837.jpg\" alt=\"\" class=\"wp-image-164087\" srcset=\"http:\/\/vertienteglobal.com\/wp-content\/uploads\/2020\/08\/1113837.jpg 1024w, http:\/\/vertienteglobal.com\/wp-content\/uploads\/2020\/08\/1113837-300x200.jpg 300w, http:\/\/vertienteglobal.com\/wp-content\/uploads\/2020\/08\/1113837-150x100.jpg 150w, http:\/\/vertienteglobal.com\/wp-content\/uploads\/2020\/08\/1113837-768x512.jpg 768w\" sizes=\"auto, (max-width: 1024px) 100vw, 1024px\" \/><\/figure>\n\n\n\n<p>(Redacci\u00f3n)<\/p>\n\n\n\n<p>A partir del pr\u00f3ximo 3 de agosto s\u00f3lo se podr\u00e1 marcar con 10 d\u00edgitos desde celulares y tel\u00e9fonos fijos, sin importar que se haga una llamada a otro estado<\/p>\n\n\n\n<p>Ciudad de Mexico a 31 de julio de 2020.- A partir del pr\u00f3ximo 3 de agosto de 2020 el sistema de marcaci\u00f3n en el territorio nacional ser\u00e1 de 10 d\u00edgitos, explic\u00f3 Rafael Eslava, titular de la unidad de concesiones y servicios del Instituto Federal de Telecomunicaciones (IFETEL).<\/p>\n\n\n\n<p>En entrevista para XEU Noticias, detall\u00f3 que este sistema se ha iniciado desde el 3 de agosto de 2019, con esta nueva marcaci\u00f3n se eliminan los prefijos 01, 044 y 025 que hasta el d\u00eda de hoy a\u00fan se utilizan.<\/p>\n\n\n\n<p>Explic\u00f3 que desde el pasado 3 de agosto, el IFETEL dispuso de un \u00abperiodo de convivencia\u00bb para que la poblaci\u00f3n se acostumbrara a de la nueva marcaci\u00f3n que es a 10 d\u00edgitos, sin embargo, a\u00fan se pod\u00eda utilizar la tradicional.<\/p>\n\n\n\n<p>No obstante, a partir del pr\u00f3ximo 3 de agosto s\u00f3lo se podr\u00e1 marcar con 10 d\u00edgitos desde celulares y tel\u00e9fonos fijos, sin importar que se haga una llamada a otro estado.<\/p>\n\n\n\n<p>\u00bfC\u00f3mo conocer el n\u00famero a 10 d\u00edgitos de tel\u00e9fono fijo?<\/p>\n\n\n\n<p>Explic\u00f3 que para conocer el n\u00famero a 10 d\u00edgitos en un tel\u00e9fono fijo \u00fanicamente se deber\u00e1 agregar la clave de larga distancia, en el caso de Veracruz, s\u00f3lo se agregar\u00e1 el \u00ab229\u00bb al n\u00famero que normalmente es de siete d\u00edgitos.<\/p>\n\n\n\n<p>\u00bfQu\u00e9 pasar\u00e1 en caso de que no se marque a 10 d\u00edgitos?<\/p>\n\n\n\n<p>A partir del 3 de agosto, sino se marca a 10 d\u00edgitos, simplemente la llamada no entrar\u00e1 y se deber\u00e1 intentar de nuevo.<\/p>\n","protected":false},"excerpt":{"rendered":"<p>(Redacci\u00f3n) A partir del pr\u00f3ximo 3 de agosto s\u00f3lo se podr\u00e1 marcar con 10 d\u00edgitos desde celulares y tel\u00e9fonos fijos, sin importar que se haga una llamada a otro estado Ciudad de Mexico a 31 de julio de 2020.- A partir del pr\u00f3ximo 3 de agosto de 2020 el sistema de marcaci\u00f3n en el territorio [&hellip;]<\/p>\n","protected":false},"author":1,"featured_media":164087,"comment_status":"open","ping_status":"open","sticky":false,"template":"","format":"standard","meta":{"footnotes":""},"categories":[8],"tags":[],"class_list":["post-164086","post","type-post","status-publish","format-standard","has-post-thumbnail","hentry","category-pais","entry","has-media"],"jetpack_featured_media_url":"http:\/\/vertienteglobal.com\/wp-content\/uploads\/2020\/08\/1113837.jpg","_links":{"self":[{"href":"http:\/\/vertienteglobal.com\/index.php?rest_route=\/wp\/v2\/posts\/164086","targetHints":{"allow":["GET"]}}],"collection":[{"href":"http:\/\/vertienteglobal.com\/index.php?rest_route=\/wp\/v2\/posts"}],"about":[{"href":"http:\/\/vertienteglobal.com\/index.php?rest_route=\/wp\/v2\/types\/post"}],"author":[{"embeddable":true,"href":"http:\/\/vertienteglobal.com\/index.php?rest_route=\/wp\/v2\/users\/1"}],"replies":[{"embeddable":true,"href":"http:\/\/vertienteglobal.com\/index.php?rest_route=%2Fwp%2Fv2%2Fcomments&post=164086"}],"version-history":[{"count":0,"href":"http:\/\/vertienteglobal.com\/index.php?rest_route=\/wp\/v2\/posts\/164086\/revisions"}],"wp:featuredmedia":[{"embeddable":true,"href":"http:\/\/vertienteglobal.com\/index.php?rest_route=\/wp\/v2\/media\/164087"}],"wp:attachment":[{"href":"http:\/\/vertienteglobal.com\/index.php?rest_route=%2Fwp%2Fv2%2Fmedia&parent=164086"}],"wp:term":[{"taxonomy":"category","embeddable":true,"href":"http:\/\/vertienteglobal.com\/index.php?rest_route=%2Fwp%2Fv2%2Fcategories&post=164086"},{"taxonomy":"post_tag","embeddable":true,"href":"http:\/\/vertienteglobal.com\/index.php?rest_route=%2Fwp%2Fv2%2Ftags&post=164086"}],"curies":[{"name":"wp","href":"https:\/\/api.w.org\/{rel}","templated":true}]}}