{"id":164023,"date":"2020-07-26T08:56:11","date_gmt":"2020-07-26T13:56:11","guid":{"rendered":"http:\/\/vertienteglobal.com\/?p=164023"},"modified":"2020-07-27T14:57:12","modified_gmt":"2020-07-27T19:57:12","slug":"el-rediseno-de-facebook-eliminara-para-siempre-el-boton-me-gusta","status":"publish","type":"post","link":"http:\/\/vertienteglobal.com\/?p=164023","title":{"rendered":"El redise\u00f1o de Facebook eliminar\u00e1 para siempre el bot\u00f3n \u2018Me gusta\u2019"},"content":{"rendered":"\n<div class=\"twitterbutton\" style=\"float: right; padding-left: 5px;\"><a href=\"http:\/\/twitter.com\/share\" class=\"twitter-share-button\" data-count=\"horizontal\" data-text=\"El redise\u00f1o de Facebook eliminar\u00e1 para siempre el bot\u00f3n \u2018Me gusta\u2019\" data-via=\"https:\/\/twitter.com\/VertienteGloba1\" data-url=\"http:\/\/vertienteglobal.com\/?p=164023\" data-lang=\"es\" data-related=\"Informaci\u00f3n general:S\u00edguenos para que est\u00e9ss informado\"><\/a><\/div>\n<figure class=\"wp-block-image size-large\"><img loading=\"lazy\" decoding=\"async\" width=\"800\" height=\"600\" src=\"http:\/\/vertienteglobal.com\/wp-content\/uploads\/2020\/07\/face-ataca-88173.jpg\" alt=\"\" class=\"wp-image-164024\" srcset=\"http:\/\/vertienteglobal.com\/wp-content\/uploads\/2020\/07\/face-ataca-88173.jpg 800w, http:\/\/vertienteglobal.com\/wp-content\/uploads\/2020\/07\/face-ataca-88173-300x225.jpg 300w, http:\/\/vertienteglobal.com\/wp-content\/uploads\/2020\/07\/face-ataca-88173-150x113.jpg 150w, http:\/\/vertienteglobal.com\/wp-content\/uploads\/2020\/07\/face-ataca-88173-768x576.jpg 768w\" sizes=\"auto, (max-width: 800px) 100vw, 800px\" \/><\/figure>\n\n\n\n<p>(Redaccion)<\/p>\n\n\n\n<p>El redise\u00f1o pretende simplificar el uso y navegaci\u00f3n de las p\u00e1ginas, y ya est\u00e1 disponible para un peque\u00f1o porcentaje de figuras p\u00fablicas como actores, creadores de contenido y autores dentro de la versi\u00f3n m\u00f3vil de Facebook<\/p>\n\n\n\n<p>Ciudad de Mexico a 26 de julio de 2020.-La res social de Facebook est\u00e1 probando un nuevo dise\u00f1o y, entre los cambios, est\u00e1 la eliminaci\u00f3n del cl\u00e1sico bot\u00f3n \u201cMe gusta\u201d. Es decir, este ser\u00e1 suprimido de la interfaz de las p\u00e1ginas de la plataforma.<\/p>\n\n\n\n<p>Y es que de acuerdo a Techcrunch, el redise\u00f1o pretende simplificar el uso y navegaci\u00f3n de las p\u00e1ginas, y ya est\u00e1 disponible para un peque\u00f1o porcentaje de figuras p\u00fablicas como actores, creadores de contenido y autores dentro de la versi\u00f3n m\u00f3vil de Facebook.<\/p>\n\n\n\n<p>El nuevo dise\u00f1o de la p\u00e1gina est\u00e1 destinado a facilitar que los visitantes vean informaci\u00f3n clave, como la biograf\u00eda y las publicaciones de la misma. Cabe destacar que el nuevo aspecto elimina el n\u00famero de \u201clikes\u201d de la p\u00e1gina y el bot\u00f3n \u201cMe gusta\u201d. En cambio, solo mostrar\u00e1 un bot\u00f3n \u201cSeguir\u201d y un conteo de seguidores.<\/p>\n\n\n\n<p>Tener ambas opciones han llevado a un proceso complicado en el que a los usuarios de Facebook primero les gusta una p\u00e1gina, lo que crea un seguimiento autom\u00e1tico. Sin embargo, la persona puede retirarse de ese seguimiento cambiando su configuraci\u00f3n en cualquier momento. Los propietarios de los fan page consideran que esto resulta confuso e in\u00fatil porque quieren interactuar con seguidores que realmente est\u00e1n interesados lo que publican y sus contenidos.<\/p>\n\n\n\n<p>Adem\u00e1s, los propietarios de una p\u00e1gina de Facebook podr\u00e1n conectarse mejor con los seguidores navegando por su News Feed, y luego cambiar r\u00e1pidamente entre su perfil personal en la red social y el sitio que administran, cuando quieren comentar o reaccionar a las publicaciones.<\/p>\n","protected":false},"excerpt":{"rendered":"<p>(Redaccion) El redise\u00f1o pretende simplificar el uso y navegaci\u00f3n de las p\u00e1ginas, y ya est\u00e1 disponible para un peque\u00f1o porcentaje de figuras p\u00fablicas como actores, creadores de contenido y autores dentro de la versi\u00f3n m\u00f3vil de Facebook Ciudad de Mexico a 26 de julio de 2020.-La res social de Facebook est\u00e1 probando un nuevo dise\u00f1o [&hellip;]<\/p>\n","protected":false},"author":1,"featured_media":164024,"comment_status":"open","ping_status":"open","sticky":false,"template":"","format":"standard","meta":{"footnotes":""},"categories":[8],"tags":[],"class_list":["post-164023","post","type-post","status-publish","format-standard","has-post-thumbnail","hentry","category-pais","entry","has-media"],"jetpack_featured_media_url":"http:\/\/vertienteglobal.com\/wp-content\/uploads\/2020\/07\/face-ataca-88173.jpg","_links":{"self":[{"href":"http:\/\/vertienteglobal.com\/index.php?rest_route=\/wp\/v2\/posts\/164023","targetHints":{"allow":["GET"]}}],"collection":[{"href":"http:\/\/vertienteglobal.com\/index.php?rest_route=\/wp\/v2\/posts"}],"about":[{"href":"http:\/\/vertienteglobal.com\/index.php?rest_route=\/wp\/v2\/types\/post"}],"author":[{"embeddable":true,"href":"http:\/\/vertienteglobal.com\/index.php?rest_route=\/wp\/v2\/users\/1"}],"replies":[{"embeddable":true,"href":"http:\/\/vertienteglobal.com\/index.php?rest_route=%2Fwp%2Fv2%2Fcomments&post=164023"}],"version-history":[{"count":0,"href":"http:\/\/vertienteglobal.com\/index.php?rest_route=\/wp\/v2\/posts\/164023\/revisions"}],"wp:featuredmedia":[{"embeddable":true,"href":"http:\/\/vertienteglobal.com\/index.php?rest_route=\/wp\/v2\/media\/164024"}],"wp:attachment":[{"href":"http:\/\/vertienteglobal.com\/index.php?rest_route=%2Fwp%2Fv2%2Fmedia&parent=164023"}],"wp:term":[{"taxonomy":"category","embeddable":true,"href":"http:\/\/vertienteglobal.com\/index.php?rest_route=%2Fwp%2Fv2%2Fcategories&post=164023"},{"taxonomy":"post_tag","embeddable":true,"href":"http:\/\/vertienteglobal.com\/index.php?rest_route=%2Fwp%2Fv2%2Ftags&post=164023"}],"curies":[{"name":"wp","href":"https:\/\/api.w.org\/{rel}","templated":true}]}}