{"id":163997,"date":"2020-07-25T18:50:01","date_gmt":"2020-07-25T23:50:01","guid":{"rendered":"http:\/\/vertienteglobal.com\/?p=163997"},"modified":"2020-07-27T14:20:07","modified_gmt":"2020-07-27T19:20:07","slug":"que-es-el-pequeno-agujero-en-la-oreja-que-tienen-algunas-personas","status":"publish","type":"post","link":"http:\/\/vertienteglobal.com\/?p=163997","title":{"rendered":"\u00bfQu\u00e9 es el peque\u00f1o agujero en la oreja que tienen algunas personas?"},"content":{"rendered":"\n<div class=\"twitterbutton\" style=\"float: right; padding-left: 5px;\"><a href=\"http:\/\/twitter.com\/share\" class=\"twitter-share-button\" data-count=\"horizontal\" data-text=\"\u00bfQu\u00e9 es el peque\u00f1o agujero en la oreja que tienen algunas personas?\" data-via=\"https:\/\/twitter.com\/VertienteGloba1\" data-url=\"http:\/\/vertienteglobal.com\/?p=163997\" data-lang=\"es\" data-related=\"Informaci\u00f3n general:S\u00edguenos para que est\u00e9ss informado\"><\/a><\/div>\n<figure class=\"wp-block-image size-large\"><img loading=\"lazy\" decoding=\"async\" width=\"1024\" height=\"663\" src=\"http:\/\/vertienteglobal.com\/wp-content\/uploads\/2020\/07\/1113110.jpg\" alt=\"\" class=\"wp-image-163998\" srcset=\"http:\/\/vertienteglobal.com\/wp-content\/uploads\/2020\/07\/1113110.jpg 1024w, http:\/\/vertienteglobal.com\/wp-content\/uploads\/2020\/07\/1113110-300x194.jpg 300w, http:\/\/vertienteglobal.com\/wp-content\/uploads\/2020\/07\/1113110-150x97.jpg 150w, http:\/\/vertienteglobal.com\/wp-content\/uploads\/2020\/07\/1113110-768x497.jpg 768w\" sizes=\"auto, (max-width: 1024px) 100vw, 1024px\" \/><\/figure>\n\n\n\n<p>(Redacci\u00f3n)<\/p>\n\n\n\n<p>El peque\u00f1o agujero est\u00e1 presente en menos del 4 por ciento de la poblaci\u00f3n mundial. Asi\u00e1ticos (entre 2 y 5 %) y africanos (4 al 10 %) tienen mayor probabilidad de presentarlo, mientras que en los Estados Unidos la prevalencia apenas alcanza un 0.9 %<\/p>\n\n\n\n<p>Ciudad de Mexico a 25 de julio de 2020.- Algunas personas tiene un peque\u00f1o agujero en la parte externa del o\u00eddo, como si se tratar\u00e1 del rastro de una perforaci\u00f3n o cicatriz, pero &#8216;qu\u00e9 significa y por qu\u00e9 solo pocas personas lo tiene?<\/p>\n\n\n\n<p>Esta extra\u00f1a condici\u00f3n es conocida como &#8216;seno preauricular&#8217; y se trata de una anomal\u00eda cong\u00e9nita que muy probablemente es parte de los rasgos evolutivos de nuestra especie, una muestra de la herencia com\u00fan que tenemos con los peces y otros organismos acu\u00e1ticos.<\/p>\n\n\n\n<p>El peque\u00f1o agujero est\u00e1 presente en menos del 4 por ciento de la poblaci\u00f3n mundial. Asi\u00e1ticos (entre 2 y 5 %) y africanos (4 al 10 %) tienen mayor probabilidad de presentarlo, mientras que en los Estados Unidos la prevalencia apenas alcanza un 0.9 %.<\/p>\n\n\n\n<p>La teor\u00eda m\u00e1s aceptada en el presente indica que el seno preauricular se forma cuando el desarrollo de los arcos branquiales es incompleto, aproximadamente entre la cuarta y octava semana de gestaci\u00f3n.<\/p>\n\n\n\n<p>Este agujero en el o\u00eddo puede ser espor\u00e1dico o heredado. Es completamente benigno y no causa ninguna molestia. (Fuente: MuyIntersante)<\/p>\n","protected":false},"excerpt":{"rendered":"<p>(Redacci\u00f3n) El peque\u00f1o agujero est\u00e1 presente en menos del 4 por ciento de la poblaci\u00f3n mundial. Asi\u00e1ticos (entre 2 y 5 %) y africanos (4 al 10 %) tienen mayor probabilidad de presentarlo, mientras que en los Estados Unidos la prevalencia apenas alcanza un 0.9 % Ciudad de Mexico a 25 de julio de 2020.- [&hellip;]<\/p>\n","protected":false},"author":1,"featured_media":163998,"comment_status":"open","ping_status":"open","sticky":false,"template":"","format":"standard","meta":{"footnotes":""},"categories":[8],"tags":[],"class_list":["post-163997","post","type-post","status-publish","format-standard","has-post-thumbnail","hentry","category-pais","entry","has-media"],"jetpack_featured_media_url":"http:\/\/vertienteglobal.com\/wp-content\/uploads\/2020\/07\/1113110.jpg","_links":{"self":[{"href":"http:\/\/vertienteglobal.com\/index.php?rest_route=\/wp\/v2\/posts\/163997","targetHints":{"allow":["GET"]}}],"collection":[{"href":"http:\/\/vertienteglobal.com\/index.php?rest_route=\/wp\/v2\/posts"}],"about":[{"href":"http:\/\/vertienteglobal.com\/index.php?rest_route=\/wp\/v2\/types\/post"}],"author":[{"embeddable":true,"href":"http:\/\/vertienteglobal.com\/index.php?rest_route=\/wp\/v2\/users\/1"}],"replies":[{"embeddable":true,"href":"http:\/\/vertienteglobal.com\/index.php?rest_route=%2Fwp%2Fv2%2Fcomments&post=163997"}],"version-history":[{"count":0,"href":"http:\/\/vertienteglobal.com\/index.php?rest_route=\/wp\/v2\/posts\/163997\/revisions"}],"wp:featuredmedia":[{"embeddable":true,"href":"http:\/\/vertienteglobal.com\/index.php?rest_route=\/wp\/v2\/media\/163998"}],"wp:attachment":[{"href":"http:\/\/vertienteglobal.com\/index.php?rest_route=%2Fwp%2Fv2%2Fmedia&parent=163997"}],"wp:term":[{"taxonomy":"category","embeddable":true,"href":"http:\/\/vertienteglobal.com\/index.php?rest_route=%2Fwp%2Fv2%2Fcategories&post=163997"},{"taxonomy":"post_tag","embeddable":true,"href":"http:\/\/vertienteglobal.com\/index.php?rest_route=%2Fwp%2Fv2%2Ftags&post=163997"}],"curies":[{"name":"wp","href":"https:\/\/api.w.org\/{rel}","templated":true}]}}