{"id":163841,"date":"2020-07-22T07:36:00","date_gmt":"2020-07-22T12:36:00","guid":{"rendered":"http:\/\/vertienteglobal.com\/?p=163841"},"modified":"2020-07-22T20:38:42","modified_gmt":"2020-07-23T01:38:42","slug":"maiz-el-cultivo-de-mexico","status":"publish","type":"post","link":"http:\/\/vertienteglobal.com\/?p=163841","title":{"rendered":"Ma\u00edz el cultivo de M\u00e9xico"},"content":{"rendered":"\n<div class=\"twitterbutton\" style=\"float: right; padding-left: 5px;\"><a href=\"http:\/\/twitter.com\/share\" class=\"twitter-share-button\" data-count=\"horizontal\" data-text=\"Ma\u00edz el cultivo de M\u00e9xico\" data-via=\"https:\/\/twitter.com\/VertienteGloba1\" data-url=\"http:\/\/vertienteglobal.com\/?p=163841\" data-lang=\"es\" data-related=\"Informaci\u00f3n general:S\u00edguenos para que est\u00e9ss informado\"><\/a><\/div>\n<figure class=\"wp-block-image size-large\"><img loading=\"lazy\" decoding=\"async\" width=\"865\" height=\"508\" src=\"http:\/\/vertienteglobal.com\/wp-content\/uploads\/2020\/07\/WhatsApp_Image_2020-06-18_at_11.14.33_AM2.jpeg\" alt=\"\" class=\"wp-image-163842\" srcset=\"http:\/\/vertienteglobal.com\/wp-content\/uploads\/2020\/07\/WhatsApp_Image_2020-06-18_at_11.14.33_AM2.jpeg 865w, http:\/\/vertienteglobal.com\/wp-content\/uploads\/2020\/07\/WhatsApp_Image_2020-06-18_at_11.14.33_AM2-300x176.jpeg 300w, http:\/\/vertienteglobal.com\/wp-content\/uploads\/2020\/07\/WhatsApp_Image_2020-06-18_at_11.14.33_AM2-150x88.jpeg 150w, http:\/\/vertienteglobal.com\/wp-content\/uploads\/2020\/07\/WhatsApp_Image_2020-06-18_at_11.14.33_AM2-768x451.jpeg 768w\" sizes=\"auto, (max-width: 865px) 100vw, 865px\" \/><\/figure>\n\n\n\n<p>(Redaccion)<\/p>\n\n\n\n<p>El ma\u00edz grano que produce nuestro pa\u00eds proviene un 60 % de peque\u00f1os productores<br>Peque\u00f1os productores impulsan la producci\u00f3n de ma\u00edzPeque\u00f1os productores impulsan la producci\u00f3n de ma\u00edz<\/p>\n\n\n\n<p>Ciudad de Mexico a 22 de julio de 2020.- El Gobierno de M\u00e9xico est\u00e1 consciente de la importancia alimentaria, industrial, pol\u00edtica, econ\u00f3mica, cultural y social que tiene el cultivo de ma\u00edz en nuestro pa\u00eds y son los peque\u00f1os productores los encargados, mayormente, de la siembra en su forma comercial as\u00ed como en las variedades nativas.<\/p>\n\n\n\n<p>Los peque\u00f1os productores aportan alrededor de 60 % de la producci\u00f3n nacional, al unirse con los medianos productores (de hasta 10 t\/ha), suman el 91 % de la superficie sembrada, lo que significa que juntos aportan alrededor del 75 % de la producci\u00f3n nacional de ma\u00edz.<\/p>\n\n\n\n<p>Considerando lo anterior, desde el 2019, se pusieron en marcha Programas Prioritarios que est\u00e1n orientados a beneficiar a los peque\u00f1os y medianos productores de este grano y otros.<\/p>\n\n\n\n<p>Producci\u00f3n para el Bienestar<br>Dota de liquidez a peque\u00f1os y medianos productores (con $1,600.00 y $1,000.00 correspondientemente), adem\u00e1s cuentan con acompa\u00f1amiento t\u00e9cnico y vinculaci\u00f3n a servicios productivos.<\/p>\n\n\n\n<p>Precios de Garant\u00eda<br>Incentiva la producci\u00f3n del grano con el prop\u00f3sito de alentar la autosuficiencia alimentaria.<\/p>\n\n\n\n<p>El peque\u00f1o productor tiene precio de garant\u00eda de $5, 610.00 por tonelada<\/p>\n\n\n\n<p>Fertilizantes para el Bienestar (Guerrero)<br>Promueve la productividad del ma\u00edz con la dotaci\u00f3n de este insumo de nutrici\u00f3n, lo que conlleva a que se vuelvan a sembrar los ma\u00edces nativos pero adem\u00e1s sea una opci\u00f3n rentable econ\u00f3micamente.<\/p>\n\n\n\n<p>En el 2019, la superficie con rendimiento de ma\u00edz grano menor a 5 t\/ha, sum\u00f3 84 % de la superficie cultivada, donde se obtuvieron 14 millones 789 mil 348 toneladas de un total de 27 millones 228 mil 242 toneladas. Para este a\u00f1o, se espera un incremento de un cinco por ciento lo que significa que se estima sobrepasar las 28 millones de toneladas de ma\u00edz.<\/p>\n\n\n\n<p>A trav\u00e9s de los programas prioritarios entre otras iniciativas intersecretariales, se continuar\u00e1 apoyando y buscando mejorar las condiciones de los peque\u00f1os y medianos productores de ma\u00edz y otros granos, con el fin de obtener mejores condiciones para el campo mexicano y quienes trabajan en \u00e9l, adem\u00e1s de continuar avanzando en la autosuficiencia de este grano.<\/p>\n\n\n\n<p>Producci\u00f3n de ma\u00edz 2019<\/p>\n\n\n\n<p>+27 millones t<br>Superficie sembrada +7 millones ha<br>Sinaloa es l\u00edder productor con + 6 millones de t<br>7mo productor mundial<\/p>\n","protected":false},"excerpt":{"rendered":"<p>(Redaccion) El ma\u00edz grano que produce nuestro pa\u00eds proviene un 60 % de peque\u00f1os productoresPeque\u00f1os productores impulsan la producci\u00f3n de ma\u00edzPeque\u00f1os productores impulsan la producci\u00f3n de ma\u00edz Ciudad de Mexico a 22 de julio de 2020.- El Gobierno de M\u00e9xico est\u00e1 consciente de la importancia alimentaria, industrial, pol\u00edtica, econ\u00f3mica, cultural y social que tiene el [&hellip;]<\/p>\n","protected":false},"author":1,"featured_media":163842,"comment_status":"open","ping_status":"open","sticky":false,"template":"","format":"standard","meta":{"footnotes":""},"categories":[8],"tags":[],"class_list":["post-163841","post","type-post","status-publish","format-standard","has-post-thumbnail","hentry","category-pais","entry","has-media"],"jetpack_featured_media_url":"http:\/\/vertienteglobal.com\/wp-content\/uploads\/2020\/07\/WhatsApp_Image_2020-06-18_at_11.14.33_AM2.jpeg","_links":{"self":[{"href":"http:\/\/vertienteglobal.com\/index.php?rest_route=\/wp\/v2\/posts\/163841","targetHints":{"allow":["GET"]}}],"collection":[{"href":"http:\/\/vertienteglobal.com\/index.php?rest_route=\/wp\/v2\/posts"}],"about":[{"href":"http:\/\/vertienteglobal.com\/index.php?rest_route=\/wp\/v2\/types\/post"}],"author":[{"embeddable":true,"href":"http:\/\/vertienteglobal.com\/index.php?rest_route=\/wp\/v2\/users\/1"}],"replies":[{"embeddable":true,"href":"http:\/\/vertienteglobal.com\/index.php?rest_route=%2Fwp%2Fv2%2Fcomments&post=163841"}],"version-history":[{"count":0,"href":"http:\/\/vertienteglobal.com\/index.php?rest_route=\/wp\/v2\/posts\/163841\/revisions"}],"wp:featuredmedia":[{"embeddable":true,"href":"http:\/\/vertienteglobal.com\/index.php?rest_route=\/wp\/v2\/media\/163842"}],"wp:attachment":[{"href":"http:\/\/vertienteglobal.com\/index.php?rest_route=%2Fwp%2Fv2%2Fmedia&parent=163841"}],"wp:term":[{"taxonomy":"category","embeddable":true,"href":"http:\/\/vertienteglobal.com\/index.php?rest_route=%2Fwp%2Fv2%2Fcategories&post=163841"},{"taxonomy":"post_tag","embeddable":true,"href":"http:\/\/vertienteglobal.com\/index.php?rest_route=%2Fwp%2Fv2%2Ftags&post=163841"}],"curies":[{"name":"wp","href":"https:\/\/api.w.org\/{rel}","templated":true}]}}