{"id":163548,"date":"2020-07-19T16:42:00","date_gmt":"2020-07-19T21:42:00","guid":{"rendered":"http:\/\/vertienteglobal.com\/?p=163548"},"modified":"2020-07-19T18:05:32","modified_gmt":"2020-07-19T23:05:32","slug":"frontal-combate-a-la-corrupcion-en-gobierno-de-benito-juarez","status":"publish","type":"post","link":"http:\/\/vertienteglobal.com\/?p=163548","title":{"rendered":"Frontal combate a la corrupcion en gobierno de Benito Ju\u00e1rez"},"content":{"rendered":"\n<div class=\"twitterbutton\" style=\"float: right; padding-left: 5px;\"><a href=\"http:\/\/twitter.com\/share\" class=\"twitter-share-button\" data-count=\"horizontal\" data-text=\"Frontal combate a la corrupcion en gobierno de Benito Ju\u00e1rez\" data-via=\"https:\/\/twitter.com\/VertienteGloba1\" data-url=\"http:\/\/vertienteglobal.com\/?p=163548\" data-lang=\"es\" data-related=\"Informaci\u00f3n general:S\u00edguenos para que est\u00e9ss informado\"><\/a><\/div>\n<figure class=\"wp-block-image size-large\"><img loading=\"lazy\" decoding=\"async\" width=\"1024\" height=\"625\" src=\"http:\/\/vertienteglobal.com\/wp-content\/uploads\/2020\/07\/01-25-scaled-1-1024x625.jpg\" alt=\"\" class=\"wp-image-163549\" srcset=\"http:\/\/vertienteglobal.com\/wp-content\/uploads\/2020\/07\/01-25-scaled-1-1024x625.jpg 1024w, http:\/\/vertienteglobal.com\/wp-content\/uploads\/2020\/07\/01-25-scaled-1-300x183.jpg 300w, http:\/\/vertienteglobal.com\/wp-content\/uploads\/2020\/07\/01-25-scaled-1-150x92.jpg 150w, http:\/\/vertienteglobal.com\/wp-content\/uploads\/2020\/07\/01-25-scaled-1-768x468.jpg 768w, http:\/\/vertienteglobal.com\/wp-content\/uploads\/2020\/07\/01-25-scaled-1-1536x937.jpg 1536w, http:\/\/vertienteglobal.com\/wp-content\/uploads\/2020\/07\/01-25-scaled-1.jpg 1700w\" sizes=\"auto, (max-width: 1024px) 100vw, 1024px\" \/><\/figure>\n\n\n\n<p>(Redaccion)<\/p>\n\n\n\n<p>La Presidente Municipal Mara Lezama indic\u00f3 que su gobierno ha impulsado la modernizaci\u00f3n y digitalizaci\u00f3n de los servicios, para que \u00e9stos se pueden realizar desde la casa o el negocio, sin necesidad de acudir f\u00edsicamente e interactuar con servidores p\u00fablicos, conforme a los objetivos del Eje 4 de Eficiencia y Transparencia, del Plan Municipal de Desarrollo 2018-2021<\/p>\n\n\n\n<p>Canc\u00fan, Quintana Roo, a 19 de julio de 2020.- El gobierno municipal de Benito Ju\u00e1rez invita a los ciudadanos a utilizar la herramienta digital \u201cProtesta Ciudadana\u201d, desarrollada por el Instituto Municipal de Desarrollo Administrativo e Innovaci\u00f3n (IMDAI), para que los contribuyentes hagan llegar sus denuncias de irregularidades en la realizaci\u00f3n de tr\u00e1mites, como parte de las estrategias de combate a la corrupci\u00f3n.<\/p>\n\n\n\n<p>La Presidente Municipal Mara Lezama indic\u00f3 que su gobierno ha impulsado la modernizaci\u00f3n y digitalizaci\u00f3n de los servicios, para que \u00e9stos se pueden realizar desde la casa o el negocio, sin necesidad de acudir f\u00edsicamente e interactuar con servidores p\u00fablicos, conforme a los objetivos del Eje 4 de Eficiencia y Transparencia, del Plan Municipal de Desarrollo 2018-2021.<\/p>\n\n\n\n<p>Explic\u00f3 que para acceder a \u201cProtesta Ciudadana\u201d, debe ingresarse a la p\u00e1gina oficial del Ayuntamiento que es www.cancun.gob.mx y seleccionar el \u00edcono con ese nombre, que despliega una nueva ventana que pide al usuario un registro previo para acceder.<\/p>\n\n\n\n<p>Agreg\u00f3 que una vez que completado este procedimiento, se debe ingresar la protesta ciudadana, es decir la queja en caso de que un servidor p\u00fablico niegue sin causa justificada la atenci\u00f3n, altere o incumpla con los requisitos y especificaciones plasmados en el Registro Municipal de Tr\u00e1mites y Servicios, publicados en la p\u00e1gina, de esta forma en m\u00e1ximo de cinco d\u00edas posteriores al ingreso de su solicitud, el contribuyente obtendr\u00e1 una respuesta por parte del IMDAI.<\/p>\n\n\n\n<p>Al respecto, el director del IMDAI, Mario Lu\u00e9vano Cata\u00f1o, se\u00f1al\u00f3 que en caso de que la protesta ciudadana sea afirmativa, el IMDAI exhortar\u00e1 al funcionario y a la dependencia involucrada a que d\u00e9 continuidad al tr\u00e1mite solicitado; y en caso que el trabajador haga caso omiso a dicho exhorto, se proceder\u00e1 a enviar el expediente a la Contralor\u00eda Municipal para iniciar el proceso administrativo sancionatorio correspondiente.<\/p>\n\n\n\n<figure class=\"wp-block-image size-large\"><img loading=\"lazy\" decoding=\"async\" width=\"1024\" height=\"607\" src=\"http:\/\/vertienteglobal.com\/wp-content\/uploads\/2020\/07\/03-14-scaled-1-1024x607.jpg\" alt=\"\" class=\"wp-image-163550\" srcset=\"http:\/\/vertienteglobal.com\/wp-content\/uploads\/2020\/07\/03-14-scaled-1-1024x607.jpg 1024w, http:\/\/vertienteglobal.com\/wp-content\/uploads\/2020\/07\/03-14-scaled-1-300x178.jpg 300w, http:\/\/vertienteglobal.com\/wp-content\/uploads\/2020\/07\/03-14-scaled-1-150x89.jpg 150w, http:\/\/vertienteglobal.com\/wp-content\/uploads\/2020\/07\/03-14-scaled-1-768x455.jpg 768w, http:\/\/vertienteglobal.com\/wp-content\/uploads\/2020\/07\/03-14-scaled-1-1536x910.jpg 1536w, http:\/\/vertienteglobal.com\/wp-content\/uploads\/2020\/07\/03-14-scaled-1.jpg 1700w\" sizes=\"auto, (max-width: 1024px) 100vw, 1024px\" \/><\/figure>\n\n\n\n<figure class=\"wp-block-image size-large\"><img loading=\"lazy\" decoding=\"async\" width=\"1024\" height=\"624\" src=\"http:\/\/vertienteglobal.com\/wp-content\/uploads\/2020\/07\/02-18-scaled-2-1024x624.jpg\" alt=\"\" class=\"wp-image-163551\" srcset=\"http:\/\/vertienteglobal.com\/wp-content\/uploads\/2020\/07\/02-18-scaled-2-1024x624.jpg 1024w, http:\/\/vertienteglobal.com\/wp-content\/uploads\/2020\/07\/02-18-scaled-2-300x183.jpg 300w, http:\/\/vertienteglobal.com\/wp-content\/uploads\/2020\/07\/02-18-scaled-2-150x91.jpg 150w, http:\/\/vertienteglobal.com\/wp-content\/uploads\/2020\/07\/02-18-scaled-2-768x468.jpg 768w, http:\/\/vertienteglobal.com\/wp-content\/uploads\/2020\/07\/02-18-scaled-2-1536x936.jpg 1536w, http:\/\/vertienteglobal.com\/wp-content\/uploads\/2020\/07\/02-18-scaled-2.jpg 1700w\" sizes=\"auto, (max-width: 1024px) 100vw, 1024px\" \/><\/figure>\n","protected":false},"excerpt":{"rendered":"<p>(Redaccion) La Presidente Municipal Mara Lezama indic\u00f3 que su gobierno ha impulsado la modernizaci\u00f3n y digitalizaci\u00f3n de los servicios, para que \u00e9stos se pueden realizar desde la casa o el negocio, sin necesidad de acudir f\u00edsicamente e interactuar con servidores p\u00fablicos, conforme a los objetivos del Eje 4 de Eficiencia y Transparencia, del Plan Municipal [&hellip;]<\/p>\n","protected":false},"author":1,"featured_media":163549,"comment_status":"open","ping_status":"open","sticky":false,"template":"","format":"standard","meta":{"footnotes":""},"categories":[3],"tags":[],"class_list":["post-163548","post","type-post","status-publish","format-standard","has-post-thumbnail","hentry","category-quintana-roo","entry","has-media"],"jetpack_featured_media_url":"http:\/\/vertienteglobal.com\/wp-content\/uploads\/2020\/07\/01-25-scaled-1.jpg","_links":{"self":[{"href":"http:\/\/vertienteglobal.com\/index.php?rest_route=\/wp\/v2\/posts\/163548","targetHints":{"allow":["GET"]}}],"collection":[{"href":"http:\/\/vertienteglobal.com\/index.php?rest_route=\/wp\/v2\/posts"}],"about":[{"href":"http:\/\/vertienteglobal.com\/index.php?rest_route=\/wp\/v2\/types\/post"}],"author":[{"embeddable":true,"href":"http:\/\/vertienteglobal.com\/index.php?rest_route=\/wp\/v2\/users\/1"}],"replies":[{"embeddable":true,"href":"http:\/\/vertienteglobal.com\/index.php?rest_route=%2Fwp%2Fv2%2Fcomments&post=163548"}],"version-history":[{"count":0,"href":"http:\/\/vertienteglobal.com\/index.php?rest_route=\/wp\/v2\/posts\/163548\/revisions"}],"wp:featuredmedia":[{"embeddable":true,"href":"http:\/\/vertienteglobal.com\/index.php?rest_route=\/wp\/v2\/media\/163549"}],"wp:attachment":[{"href":"http:\/\/vertienteglobal.com\/index.php?rest_route=%2Fwp%2Fv2%2Fmedia&parent=163548"}],"wp:term":[{"taxonomy":"category","embeddable":true,"href":"http:\/\/vertienteglobal.com\/index.php?rest_route=%2Fwp%2Fv2%2Fcategories&post=163548"},{"taxonomy":"post_tag","embeddable":true,"href":"http:\/\/vertienteglobal.com\/index.php?rest_route=%2Fwp%2Fv2%2Ftags&post=163548"}],"curies":[{"name":"wp","href":"https:\/\/api.w.org\/{rel}","templated":true}]}}