{"id":163528,"date":"2020-07-19T13:19:00","date_gmt":"2020-07-19T18:19:00","guid":{"rendered":"http:\/\/vertienteglobal.com\/?p=163528"},"modified":"2020-07-19T17:46:43","modified_gmt":"2020-07-19T22:46:43","slug":"cumple-diputada-federal-adriana-teissier-su-palabra-y-denuncia-a-funcionarios-de-la-cofece-ante-la-secretaria-de-la-funcion-publica","status":"publish","type":"post","link":"http:\/\/vertienteglobal.com\/?p=163528","title":{"rendered":"Cumple Diputada Federal Adriana Teissier su palabra y denuncia a funcionarios de la COFECE ante la Secretar\u00eda de la Funci\u00f3n P\u00fablica"},"content":{"rendered":"\n<div class=\"twitterbutton\" style=\"float: right; padding-left: 5px;\"><a href=\"http:\/\/twitter.com\/share\" class=\"twitter-share-button\" data-count=\"horizontal\" data-text=\"Cumple Diputada Federal Adriana Teissier su palabra y denuncia a funcionarios de...\" data-via=\"https:\/\/twitter.com\/VertienteGloba1\" data-url=\"http:\/\/vertienteglobal.com\/?p=163528\" data-lang=\"es\" data-related=\"Informaci\u00f3n general:S\u00edguenos para que est\u00e9ss informado\"><\/a><\/div>\n<figure class=\"wp-block-image size-large\"><img loading=\"lazy\" decoding=\"async\" width=\"782\" height=\"1024\" src=\"http:\/\/vertienteglobal.com\/wp-content\/uploads\/2020\/07\/IMG-20200719-WA0007-782x1024.jpg\" alt=\"\" class=\"wp-image-163529\" srcset=\"http:\/\/vertienteglobal.com\/wp-content\/uploads\/2020\/07\/IMG-20200719-WA0007-782x1024.jpg 782w, http:\/\/vertienteglobal.com\/wp-content\/uploads\/2020\/07\/IMG-20200719-WA0007-229x300.jpg 229w, http:\/\/vertienteglobal.com\/wp-content\/uploads\/2020\/07\/IMG-20200719-WA0007-115x150.jpg 115w, http:\/\/vertienteglobal.com\/wp-content\/uploads\/2020\/07\/IMG-20200719-WA0007-768x1005.jpg 768w, http:\/\/vertienteglobal.com\/wp-content\/uploads\/2020\/07\/IMG-20200719-WA0007.jpg 797w\" sizes=\"auto, (max-width: 782px) 100vw, 782px\" \/><\/figure>\n\n\n\n<p>(Redaccion)<\/p>\n\n\n\n<p>El recurso obedece al desinter\u00e9s de la Comisi\u00f3n Federal de Competencia Econ\u00f3mica para frenar los abusos en el costo de transporte mar\u00edtimo en Quintana Roo<\/p>\n\n\n\n<p>Ciudad de M\u00e9xico, 19 de julio de 2020.- Ante el desinter\u00e9s de la Comisi\u00f3n Federal de Competencia Econ\u00f3mica (Cofece) para atender la demanda ciudadana de los habitantes de las islas de Quintana Roo para regular el cobro de las navieras, que cada seis meses aumenta de manera desproporcionada con la realidad del pa\u00eds, sin tomar en cuenta factores o crisis econ\u00f3micas como la actual generada por la pandemia del Covid 19, la diputada federal de Encuentro Social, Adriana Teissier Zavala present\u00f3 ante la Secretar\u00eda de la Funci\u00f3n P\u00fablica una denuncia en contra de los funcionarios de la Cofece por omisi\u00f3n generalizada en el ejercicio de sus atribuciones y mandato constitucional.<\/p>\n\n\n\n<p>La diputada originaria de Cozumel expres\u00f3 que en los hechos se refleja la inexistencia de declaratorias de la Cofece referentes a insumos esenciales, barreras a la competencia y Competencia Efectiva.<\/p>\n\n\n\n<p>\u201cLa no intervenci\u00f3n de esta autoridad, ha ocasionado la generaci\u00f3n de pr\u00e1cticamente un \u00fanico operador que presume pr\u00e1cticas deprecatorias.<\/p>\n\n\n\n<p>Esto no ha sido desapercibido por los \u00f3rganos legislativos federales y del mismo estado, que han exhortado a la Comisi\u00f3n Federal de Competencia Econ\u00f3mica a intervenir y, sin embargo, a pesar de diferentes denuncias sobre este medio de transporte, as\u00ed como otros mencionados, la Cofece ha omitido esta responsabilidad en contra de sus atribuciones, el mandato de la Ley Federal de Competencia Econ\u00f3mica y sus atribuciones; la falta del estudio de competencia efectiva por parte de esta autoridad, tambi\u00e9n ha derivado en un incremento reciente en el costo de las tarifas del cruce entre Solidaridad y Cozumel, siendo un fuerte golpe a la econom\u00eda de los usuarios ante la situaci\u00f3n que se vive con el Covid 19\u201d, explic\u00f3.<\/p>\n\n\n\n<p>Al se\u00f1alar que dar\u00e1 seguimiento puntual al curso del caso, Teissier Zavala asever\u00f3 que la falta de inter\u00e9s con la que la Cofece ha tomado este y otros casos que diariamente lastiman la econom\u00eda del pa\u00eds, y en especial de la gente de Quintana Roo, llevan a pensar que sus prioridades no van alineadas con su encomienda institucional y la instrucci\u00f3n del presidente Andr\u00e9s Manuel L\u00f3pez Obrador.<\/p>\n\n\n\n<p>\u201cComo diputada federal y su representante les reitero mi compromiso de trabajar por mejores condiciones para los habitantes; no vamos a permitir m\u00e1s abusos en contra de los isle\u00f1os que pagan de m\u00e1s, y menos ahora, ante la situaci\u00f3n econ\u00f3mica por la que atravesamos y que el dinero y el empleo escasean\u201d, dijo.<\/p>\n\n\n\n<p>CITA TEXTUAL<\/p>\n\n\n\n<p>\u201cHace unos d\u00edas di a conocer que estar\u00eda presentando una denuncia ante la Secretar\u00eda de la Funci\u00f3n p\u00fablica en contra de funcionarios de la Cofece por la probable responsabilidad de Omisi\u00f3n en el ejercicio de sus funciones, ante la inexistencia de declaratorias referentes a insumos esenciales, barreras a la competencia y Competencia Efectiva\u201d.<br>Adriana Teissier Zavala<br>Diputada Federal de Encuentro Social<br>Diversas instancias han solicitado la intervenci\u00f3n de la Cofece<\/p>\n\n\n\n<p>Antecedentes<br>El 17 de enero de 2018, Congreso de la uni\u00f3n en 2018, La Comisi\u00f3n Permanente en el Congreso de la Uni\u00f3n exhort\u00f3 a la Secretar\u00eda de Comunicaciones y Transportes, a la Procuradur\u00eda Federal del Consumidor y a la Comisi\u00f3n Federal de Competencia Econ\u00f3mica a intervenir para la soluci\u00f3n de la problem\u00e1tica del transporte mar\u00edtimo mixto y de pasajeros que se presentan en los puertos del estado de Quintana Roo.<\/p>\n\n\n\n<p>El 06 de mayo de 2019, Adriana Teissier Zavala solicit\u00f3 la colaboraci\u00f3n del titular de la SCT, Javier Jim\u00e9nez Espri\u00fa, para realizar la solicitud del estudio correspondiente, en calidad de secretario, a la Cofece sobre estudio de condiciones de mercado para resolver temas de competencia efectiva en el servicio de trasportaci\u00f3n mar\u00edtima de pasajeros y transportaci\u00f3n de cabotaje regular (ferries de pasajeros de carga, en Quintana Roo); servicio de trasporte de pasajeros v\u00eda terrestre en los aeropuertos de otros medios de servicio; servicio de transporte tur\u00edstico terrestre de pasajeros (Cozumel) y concesiones a las administraciones portuarias integrales (API) no federales.<\/p>\n\n\n\n<p>El 27 de agosto de 2019, la Direcci\u00f3n General de Marina Mercante pide la intervenci\u00f3n de la Comisi\u00f3n Federal de Competencia Econ\u00f3mica, para determinar si existen no condiciones de competencia efectiva en el mercado de transporte de pasajeros en el estado de Quintana Roo.<\/p>\n\n\n\n<figure class=\"wp-block-image size-large\"><img loading=\"lazy\" decoding=\"async\" width=\"776\" height=\"1024\" src=\"http:\/\/vertienteglobal.com\/wp-content\/uploads\/2020\/07\/IMG-20200719-WA0005-776x1024.jpg\" alt=\"\" class=\"wp-image-163530\" srcset=\"http:\/\/vertienteglobal.com\/wp-content\/uploads\/2020\/07\/IMG-20200719-WA0005-776x1024.jpg 776w, http:\/\/vertienteglobal.com\/wp-content\/uploads\/2020\/07\/IMG-20200719-WA0005-227x300.jpg 227w, http:\/\/vertienteglobal.com\/wp-content\/uploads\/2020\/07\/IMG-20200719-WA0005-114x150.jpg 114w, http:\/\/vertienteglobal.com\/wp-content\/uploads\/2020\/07\/IMG-20200719-WA0005-768x1013.jpg 768w, http:\/\/vertienteglobal.com\/wp-content\/uploads\/2020\/07\/IMG-20200719-WA0005.jpg 796w\" sizes=\"auto, (max-width: 776px) 100vw, 776px\" \/><\/figure>\n","protected":false},"excerpt":{"rendered":"<p>(Redaccion) El recurso obedece al desinter\u00e9s de la Comisi\u00f3n Federal de Competencia Econ\u00f3mica para frenar los abusos en el costo de transporte mar\u00edtimo en Quintana Roo Ciudad de M\u00e9xico, 19 de julio de 2020.- Ante el desinter\u00e9s de la Comisi\u00f3n Federal de Competencia Econ\u00f3mica (Cofece) para atender la demanda ciudadana de los habitantes de las [&hellip;]<\/p>\n","protected":false},"author":1,"featured_media":163529,"comment_status":"open","ping_status":"open","sticky":false,"template":"","format":"standard","meta":{"footnotes":""},"categories":[3],"tags":[],"class_list":["post-163528","post","type-post","status-publish","format-standard","has-post-thumbnail","hentry","category-quintana-roo","entry","has-media"],"jetpack_featured_media_url":"http:\/\/vertienteglobal.com\/wp-content\/uploads\/2020\/07\/IMG-20200719-WA0007.jpg","_links":{"self":[{"href":"http:\/\/vertienteglobal.com\/index.php?rest_route=\/wp\/v2\/posts\/163528","targetHints":{"allow":["GET"]}}],"collection":[{"href":"http:\/\/vertienteglobal.com\/index.php?rest_route=\/wp\/v2\/posts"}],"about":[{"href":"http:\/\/vertienteglobal.com\/index.php?rest_route=\/wp\/v2\/types\/post"}],"author":[{"embeddable":true,"href":"http:\/\/vertienteglobal.com\/index.php?rest_route=\/wp\/v2\/users\/1"}],"replies":[{"embeddable":true,"href":"http:\/\/vertienteglobal.com\/index.php?rest_route=%2Fwp%2Fv2%2Fcomments&post=163528"}],"version-history":[{"count":0,"href":"http:\/\/vertienteglobal.com\/index.php?rest_route=\/wp\/v2\/posts\/163528\/revisions"}],"wp:featuredmedia":[{"embeddable":true,"href":"http:\/\/vertienteglobal.com\/index.php?rest_route=\/wp\/v2\/media\/163529"}],"wp:attachment":[{"href":"http:\/\/vertienteglobal.com\/index.php?rest_route=%2Fwp%2Fv2%2Fmedia&parent=163528"}],"wp:term":[{"taxonomy":"category","embeddable":true,"href":"http:\/\/vertienteglobal.com\/index.php?rest_route=%2Fwp%2Fv2%2Fcategories&post=163528"},{"taxonomy":"post_tag","embeddable":true,"href":"http:\/\/vertienteglobal.com\/index.php?rest_route=%2Fwp%2Fv2%2Ftags&post=163528"}],"curies":[{"name":"wp","href":"https:\/\/api.w.org\/{rel}","templated":true}]}}