{"id":163448,"date":"2020-07-18T18:10:00","date_gmt":"2020-07-18T23:10:00","guid":{"rendered":"http:\/\/vertienteglobal.com\/?p=163448"},"modified":"2020-07-18T18:55:08","modified_gmt":"2020-07-18T23:55:08","slug":"no-hay-confrontacion-con-el-gobierno-federal-por-el-semaforo-epidemiologico-carlos-orvananos-rea-vocero-del-gobierno-de-quintana-roo","status":"publish","type":"post","link":"http:\/\/vertienteglobal.com\/?p=163448","title":{"rendered":"No hay confrontaci\u00f3n con el Gobierno Federal por el Sem\u00e1foro Epidemiol\u00f3gico: Carlos Orva\u00f1anos Rea, Vocero del gobierno de Quintana Roo"},"content":{"rendered":"\n<div class=\"twitterbutton\" style=\"float: right; padding-left: 5px;\"><a href=\"http:\/\/twitter.com\/share\" class=\"twitter-share-button\" data-count=\"horizontal\" data-text=\"No hay confrontaci\u00f3n con el Gobierno Federal por el Sem\u00e1foro Epidemiol\u00f3gico: ...\" data-via=\"https:\/\/twitter.com\/VertienteGloba1\" data-url=\"http:\/\/vertienteglobal.com\/?p=163448\" data-lang=\"es\" data-related=\"Informaci\u00f3n general:S\u00edguenos para que est\u00e9ss informado\"><\/a><\/div>\n<figure class=\"wp-block-image size-large\"><img loading=\"lazy\" decoding=\"async\" width=\"558\" height=\"287\" src=\"http:\/\/vertienteglobal.com\/wp-content\/uploads\/2020\/07\/Screenshot_20200718-1355012.png\" alt=\"\" class=\"wp-image-163449\" srcset=\"http:\/\/vertienteglobal.com\/wp-content\/uploads\/2020\/07\/Screenshot_20200718-1355012.png 558w, http:\/\/vertienteglobal.com\/wp-content\/uploads\/2020\/07\/Screenshot_20200718-1355012-300x154.png 300w, http:\/\/vertienteglobal.com\/wp-content\/uploads\/2020\/07\/Screenshot_20200718-1355012-150x77.png 150w\" sizes=\"auto, (max-width: 558px) 100vw, 558px\" \/><\/figure>\n\n\n\n<p>(Redaccion)<\/p>\n\n\n\n<p>Orva\u00f1anos Rea, afirm\u00f3 que existe buena relaci\u00f3n del gobernador con el gobierno federal, la que calific\u00f3 de respeto y colaboraci\u00f3n. \u201cNo se busca la confrontaci\u00f3n, se busca las particularidades del estado, la informaci\u00f3n que tiene en la Secretar\u00eda de Salud (Sesa) se adapta a las realidades. Es complementaria a la federal\u201d<\/p>\n\n\n\n<p>Chetumal, Quintana Roo a 18 de julio de 2020.- Carlos Orva\u00f1anos Rea, Coordinador General de Comunicaci\u00f3n y Vocero del Gobierno de Quintana Roo, sostuvo que el gobierno es discordante con la decisi\u00f3n de la Federaci\u00f3n que coloc\u00f3 ayer al estado de Quintana Roo en \u201csem\u00e1foro rojo\u201d, el Gobierno del Estado decidi\u00f3 mantener su sem\u00e1foro estatal que coloca a la zona norte en \u201cnaranja\u201d y a la zona sur en \u201crojo\u201d.<\/p>\n\n\n\n<p>Y es que la Vocer\u00eda en conferencia virtual la ma\u00f1ana de hoy s\u00e1bado, anunci\u00f3 que desde hace un mes, desde el 8 de julio, el gobernador Carlos Joaqu\u00edn anunci\u00f3 la situaci\u00f3n del sem\u00e1foro epidemiol\u00f3gico, as\u00ed como la estrategia de orden y de sustento cient\u00edfico para que se dividieran en dos regiones a Quintana Roo.<\/p>\n\n\n\n<p>\u201cSe confirma el criterio de sem\u00e1foro estatal, del 20 al 26 de julio es de color naranja para la zona norte y para la zona sur de rojo\u201d, enfatiz\u00f3 Carlos Orva\u00f1anos Rea, Coordinador General de Comunicaci\u00f3n y Vocero del Gobierno de Quintana Roo, en conferencia de prensa sobre el Sem\u00e1foro Epidemiol\u00f3gico Estatal.<\/p>\n\n\n\n<p>Explic\u00f3, sobre las camas que tienen ventilador para atender a los enfermos de COVID-19, que las \u00fanicas que est\u00e1n al 100% son la de Felipe Carrillo Puerto. Solicit\u00f3 a la poblaci\u00f3n hacer uso del \u201cgeoportal epidemiol\u00f3gico\u201d que se ech\u00f3 a andar, lo que demuestra c\u00f3mo se encuentran los contagios en \u00e1reas espec\u00edficas. Insisti\u00f3 en los diez h\u00e1bitos para la nueva normalidad, donde los primeros cuatro son los m\u00e1s importantes para evitar contagios: usar cubrebocas, lavarse las manos, quedarse en casa y evitar el saludo de contacto f\u00edsico.<\/p>\n\n\n\n<p>Adem\u00e1s los brigadistas trabajar\u00e1n en todo el estado para recordarle a la poblaci\u00f3n lo que se debe hacer para prevenir el contagio del virus, principalmente en los lugares m\u00e1s recurridos.<\/p>\n\n\n\n<p>As\u00ed que se seguir\u00e1 con los operativos para disminuir la movilidad, para ello se har\u00e1n cortes a las vialidades y la colocaci\u00f3n de filtros.<\/p>\n\n\n\n<p>Por lo que en las preguntas y respuestas, Carlos Orva\u00f1anos Rea, afirm\u00f3 que existe buena relaci\u00f3n del gobernador con el gobierno federal, la que calific\u00f3 de respeto y colaboraci\u00f3n. \u201cNo se busca la confrontaci\u00f3n, se busca las particularidades del estado, la informaci\u00f3n que tiene en la Secretar\u00eda de Salud (Sesa) se adapta a las realidades. Es complementaria a la federal\u201d.<\/p>\n\n\n\n<p>Destac\u00f3 que la reactivaci\u00f3n econ\u00f3mica ha sido paulatina y ordenada. Cada semana se avanza la ocupaci\u00f3n hotelera de acuerdo a los l\u00edmites que se han establecidos, el Covid-19 no ha frenado a los visitantes al estado y anunci\u00f3 que a partir de octubre llegar\u00e1n los visitantes de Europa.<\/p>\n\n\n\n<p>Hizo hincapi\u00e9 que en la decisi\u00f3n de mantener el sem\u00e1foro estatal no hay criterio pol\u00edtico, la decisi\u00f3n es cient\u00edfica y epidemiol\u00f3gica, se pasar\u00e1 a sem\u00e1foro naranja en Chetumal cuando bajen los contagios.<\/p>\n\n\n\n<p>\u201cEsta crisis ha afectado al mundo entero. Este destino r\u00e1pidamente se est\u00e1 activando, es el dinamismo no solo del gobierno del estado, sino al propio dinamismo empresarial, todos est\u00e1n haciendo su parte para promover el turismo\u201d, respondi\u00f3.<\/p>\n\n\n\n<p>Eso s\u00ed, se respeta el \u00e1mbito de competencia de los municipios y existe coordinaci\u00f3n con el gobierno del estado. La Secretar\u00eda de Finanzas y Planeaci\u00f3n (Sefiplan) ha emitido recomendaciones y horarios para venta de alcohol, pero no hay ley seca.<\/p>\n\n\n\n<p>Asimismo, dejo en claro que las playas p\u00fablicas siguen cerradas por el color del sem\u00e1foro, no se trata de un tema de discriminaci\u00f3n, cuando se pase a color amarillo se logre abrir las primeras playas, el tema restricci\u00f3n es para todas las playas del estado.<\/p>\n\n\n\n<p>Por otro lado se ha considerado adaptar un sem\u00e1foro por municipio, pero por criterio epidemiol\u00f3gico solo se divide en norte y sur; por la capacidad de recibir pacientes con el virus en los hospitales. La salud del gobernador est\u00e1 en buen estado, en diez d\u00edas sale de su situaci\u00f3n de encierro total, atiende de manera virtual de su casa particular, sobre las acciones que se toman en salud y seguridad p\u00fablica.<\/p>\n\n\n\n<p>Se trabaja con Yucat\u00e1n para poder realizar la reactivaci\u00f3n econ\u00f3mica, eso fue hace dos semanas, est\u00e1 dando frutos; han hecho frente com\u00fan para pedir apoyo de los recursos al gobierno federal. Por ejemplo el paso de la tormenta tropical Crist\u00f3bal, que se estaba retrasando. El gobernador continuar\u00e1 con alianza con otros gobernadores.<\/p>\n\n\n\n<p>En cuanto al hospital temporal que se construye atr\u00e1s del Hospital Oncol\u00f3gico en Chetumal, dijo que ya van muy avanzados, pero no se sabe cu\u00e1ndo estar\u00e1 listo, pero ya van en buen avance, se tendr\u00e1n 50 camas m\u00e1s; es un esfuerzo que hace el gobierno del estado para privilegiar el gasto en materia de salud y hospitalaria.<\/p>\n","protected":false},"excerpt":{"rendered":"<p>(Redaccion) Orva\u00f1anos Rea, afirm\u00f3 que existe buena relaci\u00f3n del gobernador con el gobierno federal, la que calific\u00f3 de respeto y colaboraci\u00f3n. \u201cNo se busca la confrontaci\u00f3n, se busca las particularidades del estado, la informaci\u00f3n que tiene en la Secretar\u00eda de Salud (Sesa) se adapta a las realidades. Es complementaria a la federal\u201d Chetumal, Quintana Roo [&hellip;]<\/p>\n","protected":false},"author":1,"featured_media":163449,"comment_status":"open","ping_status":"open","sticky":false,"template":"","format":"standard","meta":{"footnotes":""},"categories":[3],"tags":[],"class_list":["post-163448","post","type-post","status-publish","format-standard","has-post-thumbnail","hentry","category-quintana-roo","entry","has-media"],"jetpack_featured_media_url":"http:\/\/vertienteglobal.com\/wp-content\/uploads\/2020\/07\/Screenshot_20200718-1355012.png","_links":{"self":[{"href":"http:\/\/vertienteglobal.com\/index.php?rest_route=\/wp\/v2\/posts\/163448","targetHints":{"allow":["GET"]}}],"collection":[{"href":"http:\/\/vertienteglobal.com\/index.php?rest_route=\/wp\/v2\/posts"}],"about":[{"href":"http:\/\/vertienteglobal.com\/index.php?rest_route=\/wp\/v2\/types\/post"}],"author":[{"embeddable":true,"href":"http:\/\/vertienteglobal.com\/index.php?rest_route=\/wp\/v2\/users\/1"}],"replies":[{"embeddable":true,"href":"http:\/\/vertienteglobal.com\/index.php?rest_route=%2Fwp%2Fv2%2Fcomments&post=163448"}],"version-history":[{"count":0,"href":"http:\/\/vertienteglobal.com\/index.php?rest_route=\/wp\/v2\/posts\/163448\/revisions"}],"wp:featuredmedia":[{"embeddable":true,"href":"http:\/\/vertienteglobal.com\/index.php?rest_route=\/wp\/v2\/media\/163449"}],"wp:attachment":[{"href":"http:\/\/vertienteglobal.com\/index.php?rest_route=%2Fwp%2Fv2%2Fmedia&parent=163448"}],"wp:term":[{"taxonomy":"category","embeddable":true,"href":"http:\/\/vertienteglobal.com\/index.php?rest_route=%2Fwp%2Fv2%2Fcategories&post=163448"},{"taxonomy":"post_tag","embeddable":true,"href":"http:\/\/vertienteglobal.com\/index.php?rest_route=%2Fwp%2Fv2%2Ftags&post=163448"}],"curies":[{"name":"wp","href":"https:\/\/api.w.org\/{rel}","templated":true}]}}