{"id":163431,"date":"2020-07-18T10:46:00","date_gmt":"2020-07-18T15:46:00","guid":{"rendered":"http:\/\/vertienteglobal.com\/?p=163431"},"modified":"2020-07-18T18:47:05","modified_gmt":"2020-07-18T23:47:05","slug":"la-industria-turistica-de-quintana-roo-tiene-una-recuperacion-gradual-ordenada-y-responsable-carlos-joaquin","status":"publish","type":"post","link":"http:\/\/vertienteglobal.com\/?p=163431","title":{"rendered":"La industria tur\u00edstica de Quintana Roo tiene una recuperaci\u00f3n gradual, ordenada y responsable: Carlos Joaqu\u00edn"},"content":{"rendered":"\n<div class=\"twitterbutton\" style=\"float: right; padding-left: 5px;\"><a href=\"http:\/\/twitter.com\/share\" class=\"twitter-share-button\" data-count=\"horizontal\" data-text=\"La industria tur\u00edstica de Quintana Roo tiene una recuperaci\u00f3n gradual, ordenad...\" data-via=\"https:\/\/twitter.com\/VertienteGloba1\" data-url=\"http:\/\/vertienteglobal.com\/?p=163431\" data-lang=\"es\" data-related=\"Informaci\u00f3n general:S\u00edguenos para que est\u00e9ss informado\"><\/a><\/div>\n<figure class=\"wp-block-image size-large\"><img loading=\"lazy\" decoding=\"async\" width=\"1024\" height=\"682\" src=\"http:\/\/vertienteglobal.com\/wp-content\/uploads\/2020\/07\/cjrecuperaciongradual-1024x682.jpg\" alt=\"\" class=\"wp-image-163432\" srcset=\"http:\/\/vertienteglobal.com\/wp-content\/uploads\/2020\/07\/cjrecuperaciongradual-1024x682.jpg 1024w, http:\/\/vertienteglobal.com\/wp-content\/uploads\/2020\/07\/cjrecuperaciongradual-300x200.jpg 300w, http:\/\/vertienteglobal.com\/wp-content\/uploads\/2020\/07\/cjrecuperaciongradual-150x100.jpg 150w, http:\/\/vertienteglobal.com\/wp-content\/uploads\/2020\/07\/cjrecuperaciongradual-768x511.jpg 768w, http:\/\/vertienteglobal.com\/wp-content\/uploads\/2020\/07\/cjrecuperaciongradual.jpg 1280w\" sizes=\"auto, (max-width: 1024px) 100vw, 1024px\" \/><\/figure>\n\n\n\n<p>(Redaccion)<\/p>\n\n\n\n<p>De acuerdo con datos de la SECTUR, en la semana del seis al 12 de julio, ha alcanzado una ocupaci\u00f3n del 22.5 por ciento<\/p>\n\n\n\n<p>Ya hay m\u00e1s de seis mil 620 empresas registradas en la plataforma de Certificaci\u00f3n en Protecci\u00f3n y Prevenci\u00f3n Sanitaria en Instalaciones Tur\u00edsticas<\/p>\n\n\n\n<p>Chetumal, Quintana Roo a 18 de julio de 2020.- De acuerdo con datos de la Secretar\u00eda de Turismo (SECTUR), Canc\u00fan mostr\u00f3 una tendencia positiva en la ocupaci\u00f3n hotelera, durante la semana del seis al 12 de julio, al obtener 5.7 puntos porcentuales m\u00e1s respecto de la semana anterior, alcanzando un 22.5 por ciento de ocupaci\u00f3n hotelera.<\/p>\n\n\n\n<p>Esta recuperaci\u00f3n gradual de las actividades productivas, como lo es el turismo para Quintana Roo, es resultado del compromiso y la responsabilidad de quienes integran la industria tur\u00edstica para acogerse a la Certificaci\u00f3n en Protecci\u00f3n y Prevenci\u00f3n Sanitaria en Instalaciones Tur\u00edsticas, que impulsa el gobernador Carlos Joaqu\u00edn a trav\u00e9s de la Secretar\u00eda de Turismo (SEDETUR).<\/p>\n\n\n\n<p>Carlos Joaqu\u00edn ha estado pendiente de los asuntos del estado y ha explicado que esta certificaci\u00f3n brinda seguridad, tanto a trabajadores como a visitantes, para avanzar en el plan \u201cReactivemos Quintana Roo\u201d, para recuperar la econom\u00eda y los m\u00e1s de 84 mil empleos perdidos, tras el cierre de m\u00e1s del 97 por ciento de los hoteles, a causa de la pandemia.<\/p>\n\n\n\n<p>Ya hay m\u00e1s de seis mil 620 empresas de distintos ramos tur\u00edsticos que se han registrado en la plataforma de certificaci\u00f3n, lo cual contribuye en la recuperaci\u00f3n de la econom\u00eda, sin descuidar la salud de la gente.<\/p>\n\n\n\n<p>La tendencia positiva en la recuperaci\u00f3n gradual del turismo, con los \u00faltimos datos proporcionados por el gobernador Carlos Joaqu\u00edn, se refleja en una ocupaci\u00f3n hotelera actual que oscila entre los 30 puntos, que es parte de la gradualidad que marca el sem\u00e1foro naranja, y la reanudaci\u00f3n de entre 130 y 150 vuelos diarios, con todas las medidas sanitarias que se establecen en los protocolos.<\/p>\n\n\n\n<p>El Gobierno del Estado, que encabeza Carlos Joaqu\u00edn, dio a conocer que Canc\u00fan y el Caribe mexicano fueron los primeros destinos elegidos por el Consejo Mundial de Viajes y Turismo (WTTC) para otorgar el sello Global Safety Stamp, precisamente por los protocolos sanitarios que han registrado y aplican las empresas tur\u00edsticas para proteger a los turistas.<\/p>\n","protected":false},"excerpt":{"rendered":"<p>(Redaccion) De acuerdo con datos de la SECTUR, en la semana del seis al 12 de julio, ha alcanzado una ocupaci\u00f3n del 22.5 por ciento Ya hay m\u00e1s de seis mil 620 empresas registradas en la plataforma de Certificaci\u00f3n en Protecci\u00f3n y Prevenci\u00f3n Sanitaria en Instalaciones Tur\u00edsticas Chetumal, Quintana Roo a 18 de julio de [&hellip;]<\/p>\n","protected":false},"author":1,"featured_media":163432,"comment_status":"open","ping_status":"open","sticky":false,"template":"","format":"standard","meta":{"footnotes":""},"categories":[3],"tags":[],"class_list":["post-163431","post","type-post","status-publish","format-standard","has-post-thumbnail","hentry","category-quintana-roo","entry","has-media"],"jetpack_featured_media_url":"http:\/\/vertienteglobal.com\/wp-content\/uploads\/2020\/07\/cjrecuperaciongradual.jpg","_links":{"self":[{"href":"http:\/\/vertienteglobal.com\/index.php?rest_route=\/wp\/v2\/posts\/163431","targetHints":{"allow":["GET"]}}],"collection":[{"href":"http:\/\/vertienteglobal.com\/index.php?rest_route=\/wp\/v2\/posts"}],"about":[{"href":"http:\/\/vertienteglobal.com\/index.php?rest_route=\/wp\/v2\/types\/post"}],"author":[{"embeddable":true,"href":"http:\/\/vertienteglobal.com\/index.php?rest_route=\/wp\/v2\/users\/1"}],"replies":[{"embeddable":true,"href":"http:\/\/vertienteglobal.com\/index.php?rest_route=%2Fwp%2Fv2%2Fcomments&post=163431"}],"version-history":[{"count":0,"href":"http:\/\/vertienteglobal.com\/index.php?rest_route=\/wp\/v2\/posts\/163431\/revisions"}],"wp:featuredmedia":[{"embeddable":true,"href":"http:\/\/vertienteglobal.com\/index.php?rest_route=\/wp\/v2\/media\/163432"}],"wp:attachment":[{"href":"http:\/\/vertienteglobal.com\/index.php?rest_route=%2Fwp%2Fv2%2Fmedia&parent=163431"}],"wp:term":[{"taxonomy":"category","embeddable":true,"href":"http:\/\/vertienteglobal.com\/index.php?rest_route=%2Fwp%2Fv2%2Fcategories&post=163431"},{"taxonomy":"post_tag","embeddable":true,"href":"http:\/\/vertienteglobal.com\/index.php?rest_route=%2Fwp%2Fv2%2Ftags&post=163431"}],"curies":[{"name":"wp","href":"https:\/\/api.w.org\/{rel}","templated":true}]}}