{"id":163411,"date":"2020-07-18T12:46:00","date_gmt":"2020-07-18T17:46:00","guid":{"rendered":"http:\/\/vertienteglobal.com\/?p=163411"},"modified":"2020-07-18T13:01:40","modified_gmt":"2020-07-18T18:01:40","slug":"vaguada-dara-origen-a-fuertes-tormentas-a-la-peninsula-de-yucatan","status":"publish","type":"post","link":"http:\/\/vertienteglobal.com\/?p=163411","title":{"rendered":"Vaguada dar\u00e1 origen a fuertes tormentas a la pen\u00ednsula de Yucatan"},"content":{"rendered":"\n<div class=\"twitterbutton\" style=\"float: right; padding-left: 5px;\"><a href=\"http:\/\/twitter.com\/share\" class=\"twitter-share-button\" data-count=\"horizontal\" data-text=\"Vaguada dar\u00e1 origen a fuertes tormentas a la pen\u00ednsula de Yucatan\" data-via=\"https:\/\/twitter.com\/VertienteGloba1\" data-url=\"http:\/\/vertienteglobal.com\/?p=163411\" data-lang=\"es\" data-related=\"Informaci\u00f3n general:S\u00edguenos para que est\u00e9ss informado\"><\/a><\/div>\n<figure class=\"wp-block-image size-large\"><img loading=\"lazy\" decoding=\"async\" width=\"1024\" height=\"614\" src=\"http:\/\/vertienteglobal.com\/wp-content\/uploads\/2020\/07\/IMG_20200718_123521.jpg\" alt=\"\" class=\"wp-image-163412\" srcset=\"http:\/\/vertienteglobal.com\/wp-content\/uploads\/2020\/07\/IMG_20200718_123521.jpg 1024w, http:\/\/vertienteglobal.com\/wp-content\/uploads\/2020\/07\/IMG_20200718_123521-300x180.jpg 300w, http:\/\/vertienteglobal.com\/wp-content\/uploads\/2020\/07\/IMG_20200718_123521-150x90.jpg 150w, http:\/\/vertienteglobal.com\/wp-content\/uploads\/2020\/07\/IMG_20200718_123521-768x461.jpg 768w\" sizes=\"auto, (max-width: 1024px) 100vw, 1024px\" \/><\/figure>\n\n\n\n<p>(Juan Antonio Palma)<\/p>\n\n\n\n<p>La formaci\u00f3n de tormentas se presentar\u00e1 principalmente en la zona del oriente, centro sur del estado de Yucat\u00e1n, mayor parte del estado de Campeche, as\u00ed como mayor parte de Quintana Roo<\/p>\n\n\n\n<p>Merida, Yucatan a 18 de julio de 2020.- En las siguientes horas, se incrementar\u00e1n los nublados en buena parte de la pen\u00ednsula de Yucat\u00e1n, favoreciendo tormentas fuertes, esto debido a una vaguada y la llegada de una nueva onda tropical.<\/p>\n\n\n\n<p>Y es que la formaci\u00f3n de tormentas se presentar\u00e1 principalmente en la zona del oriente, centro sur del estado de Yucat\u00e1n, mayor parte del estado de Campeche, as\u00ed como mayor parte de Quintana Roo.<\/p>\n\n\n\n<p>No se descarta que se presenten turbonadas, descargas el\u00e9ctricas intensas y ca\u00edda de granizo de forma aislada.<\/p>\n\n\n\n<p>De igual forma, se prev\u00e9n temperaturas m\u00e1ximas con valores de alrededor de los 35\u00b0C y sensaciones t\u00e9rmicas cerca de los 50 \u00b0C. Por la noche, los valores se ubicar\u00e1n alrededor de los 26 \u00b0C.<\/p>\n\n\n\n<p>Soplaran los vientos del Este-Sureste y Este-Noreste a velocidades m\u00e1ximas de entre 45 y 55 km\/h en zonas costeras de Yucat\u00e1n y Campeche.<\/p>\n\n\n\n<p>Pron\u00f3stico para la ciudad de M\u00e9rida<\/p>\n\n\n\n<p>Se prev\u00e9n tormentas dispersas, as\u00ed como una temperatura m\u00e1xima de 36 \u00b0C<\/p>\n\n\n\n<p>Por la noche se pronostica cielo parcialmente nublado con una temperatura alrededor de los 26 \u00b0C. Soplaran los vientos del Este-Sureste a velocidades m\u00e1ximas de 35 y 45 km\/h.<\/p>\n","protected":false},"excerpt":{"rendered":"<p>(Juan Antonio Palma) La formaci\u00f3n de tormentas se presentar\u00e1 principalmente en la zona del oriente, centro sur del estado de Yucat\u00e1n, mayor parte del estado de Campeche, as\u00ed como mayor parte de Quintana Roo Merida, Yucatan a 18 de julio de 2020.- En las siguientes horas, se incrementar\u00e1n los nublados en buena parte de la [&hellip;]<\/p>\n","protected":false},"author":1,"featured_media":163412,"comment_status":"open","ping_status":"open","sticky":false,"template":"","format":"standard","meta":{"footnotes":""},"categories":[2],"tags":[],"class_list":["post-163411","post","type-post","status-publish","format-standard","has-post-thumbnail","hentry","category-yucatan","entry","has-media"],"jetpack_featured_media_url":"http:\/\/vertienteglobal.com\/wp-content\/uploads\/2020\/07\/IMG_20200718_123521.jpg","_links":{"self":[{"href":"http:\/\/vertienteglobal.com\/index.php?rest_route=\/wp\/v2\/posts\/163411","targetHints":{"allow":["GET"]}}],"collection":[{"href":"http:\/\/vertienteglobal.com\/index.php?rest_route=\/wp\/v2\/posts"}],"about":[{"href":"http:\/\/vertienteglobal.com\/index.php?rest_route=\/wp\/v2\/types\/post"}],"author":[{"embeddable":true,"href":"http:\/\/vertienteglobal.com\/index.php?rest_route=\/wp\/v2\/users\/1"}],"replies":[{"embeddable":true,"href":"http:\/\/vertienteglobal.com\/index.php?rest_route=%2Fwp%2Fv2%2Fcomments&post=163411"}],"version-history":[{"count":0,"href":"http:\/\/vertienteglobal.com\/index.php?rest_route=\/wp\/v2\/posts\/163411\/revisions"}],"wp:featuredmedia":[{"embeddable":true,"href":"http:\/\/vertienteglobal.com\/index.php?rest_route=\/wp\/v2\/media\/163412"}],"wp:attachment":[{"href":"http:\/\/vertienteglobal.com\/index.php?rest_route=%2Fwp%2Fv2%2Fmedia&parent=163411"}],"wp:term":[{"taxonomy":"category","embeddable":true,"href":"http:\/\/vertienteglobal.com\/index.php?rest_route=%2Fwp%2Fv2%2Fcategories&post=163411"},{"taxonomy":"post_tag","embeddable":true,"href":"http:\/\/vertienteglobal.com\/index.php?rest_route=%2Fwp%2Fv2%2Ftags&post=163411"}],"curies":[{"name":"wp","href":"https:\/\/api.w.org\/{rel}","templated":true}]}}