{"id":163309,"date":"2020-07-17T16:32:00","date_gmt":"2020-07-17T21:32:00","guid":{"rendered":"http:\/\/vertienteglobal.com\/?p=163309"},"modified":"2020-07-17T16:55:54","modified_gmt":"2020-07-17T21:55:54","slug":"en-agosto-tecolutla-veracruz-podria-iniciar-reapertura-al-turismo","status":"publish","type":"post","link":"http:\/\/vertienteglobal.com\/?p=163309","title":{"rendered":"En agosto Tecolutla, Veracruz podr\u00eda iniciar reapertura al turismo"},"content":{"rendered":"\n<div class=\"twitterbutton\" style=\"float: right; padding-left: 5px;\"><a href=\"http:\/\/twitter.com\/share\" class=\"twitter-share-button\" data-count=\"horizontal\" data-text=\"En agosto Tecolutla, Veracruz podr\u00eda iniciar reapertura al turismo\" data-via=\"https:\/\/twitter.com\/VertienteGloba1\" data-url=\"http:\/\/vertienteglobal.com\/?p=163309\" data-lang=\"es\" data-related=\"Informaci\u00f3n general:S\u00edguenos para que est\u00e9ss informado\"><\/a><\/div>\n<figure class=\"wp-block-image size-large\"><img loading=\"lazy\" decoding=\"async\" width=\"1024\" height=\"642\" src=\"http:\/\/vertienteglobal.com\/wp-content\/uploads\/2020\/07\/1111817.jpg\" alt=\"\" class=\"wp-image-163310\" srcset=\"http:\/\/vertienteglobal.com\/wp-content\/uploads\/2020\/07\/1111817.jpg 1024w, http:\/\/vertienteglobal.com\/wp-content\/uploads\/2020\/07\/1111817-300x188.jpg 300w, http:\/\/vertienteglobal.com\/wp-content\/uploads\/2020\/07\/1111817-150x94.jpg 150w, http:\/\/vertienteglobal.com\/wp-content\/uploads\/2020\/07\/1111817-768x482.jpg 768w\" sizes=\"auto, (max-width: 1024px) 100vw, 1024px\" \/><\/figure>\n\n\n\n<p>(Redacci\u00f3n)<\/p>\n\n\n\n<p>Anuncio que la pr\u00f3xima fecha de reapertura al turismo podr\u00eda ser el 3 de agosto \u201cuna vez que inicie el descenso de contagios creemos que ser\u00eda el momento para reactivar con seguridad y gradualmente nuestra econom\u00eda<\/p>\n\n\n\n<p>Xalapa, Veracruz a 17 de julio de 2020.- El alcalde de Tecolutla, Veracruz, Juan \u00c1ngel Espejo inform\u00f3 que podr\u00eda ser el pr\u00f3ximo tres de agosto cuando se realice la reapertura al turismo.<\/p>\n\n\n\n<p>Aqui el comunicado:<\/p>\n\n\n\n<p>\u00abVeracruz ha llegado ya a una fase de ascenso y dispersi\u00f3n del Coronavirus Covid-19 seg\u00fan lo inform\u00f3 el subsecretario de Salud, Hugo L\u00f3pez Gatell y en concordancia con las medidas anunciadas por el Gobierno del Estado, en Tecolutla seguiremos actuando con responsabilidad protegiendo a nuestra poblaci\u00f3n de una contingencia de salud que pueda sobrepasar nuestros recursos sanitarios.<\/p>\n\n\n\n<p>As\u00ed lo expres\u00f3 el presidente municipal de Tecolutla, Juan \u00c1ngel Espejo Maldonado al anunciar que la pr\u00f3xima fecha de reapertura al turismo podr\u00eda ser el 3 de agosto \u201cuna vez que inicie el descenso de contagios creemos que ser\u00eda el momento para reactivar con seguridad y gradualmente nuestra econom\u00eda, la que de igual manera va a reactivar la de nuestros municipios vecinos sin poner en peligro a las familias de ambos municipios\u201d.<\/p>\n\n\n\n<p>Coment\u00f3 que ya existen muchos casos de Covid-19 en esta zona reportados por la Secretar\u00eda de Salud pero tambi\u00e9n, hay muchos m\u00e1s que no son parte de esa estad\u00edstica porque se han tratado en hospitales y m\u00e9dicos particulares, \u201cpor eso sigo convencido en tomar esta situaci\u00f3n con responsabilidad y seguridad de nuestra ciudadan\u00eda, dar pie a la aglomeraci\u00f3n de personas ser\u00eda una irresponsabilidad como autoridad\u201d.<\/p>\n\n\n\n<p>Record\u00f3 que las autoridades estatales informaron de la saturaci\u00f3n de hospitales y la necesidad de adquirir 130 respiradores m\u00e1s, lo que significa que el riesgo est\u00e1 m\u00e1s latente, as\u00ed que ahora es el momento de seguir prepar\u00e1ndonos para una reapertura segura como lo hemos hecho a trav\u00e9s del \u201cComit\u00e9 Municipal para un Retorno Seguro\u201d que se encuentra en la etapa de supervisi\u00f3n de la implementaci\u00f3n de los protocolos de salud en los establecimientos\u00bb.<\/p>\n","protected":false},"excerpt":{"rendered":"<p>(Redacci\u00f3n) Anuncio que la pr\u00f3xima fecha de reapertura al turismo podr\u00eda ser el 3 de agosto \u201cuna vez que inicie el descenso de contagios creemos que ser\u00eda el momento para reactivar con seguridad y gradualmente nuestra econom\u00eda Xalapa, Veracruz a 17 de julio de 2020.- El alcalde de Tecolutla, Veracruz, Juan \u00c1ngel Espejo inform\u00f3 que [&hellip;]<\/p>\n","protected":false},"author":1,"featured_media":163310,"comment_status":"open","ping_status":"open","sticky":false,"template":"","format":"standard","meta":{"footnotes":""},"categories":[7],"tags":[],"class_list":["post-163309","post","type-post","status-publish","format-standard","has-post-thumbnail","hentry","category-veracruz","entry","has-media"],"jetpack_featured_media_url":"http:\/\/vertienteglobal.com\/wp-content\/uploads\/2020\/07\/1111817.jpg","_links":{"self":[{"href":"http:\/\/vertienteglobal.com\/index.php?rest_route=\/wp\/v2\/posts\/163309","targetHints":{"allow":["GET"]}}],"collection":[{"href":"http:\/\/vertienteglobal.com\/index.php?rest_route=\/wp\/v2\/posts"}],"about":[{"href":"http:\/\/vertienteglobal.com\/index.php?rest_route=\/wp\/v2\/types\/post"}],"author":[{"embeddable":true,"href":"http:\/\/vertienteglobal.com\/index.php?rest_route=\/wp\/v2\/users\/1"}],"replies":[{"embeddable":true,"href":"http:\/\/vertienteglobal.com\/index.php?rest_route=%2Fwp%2Fv2%2Fcomments&post=163309"}],"version-history":[{"count":0,"href":"http:\/\/vertienteglobal.com\/index.php?rest_route=\/wp\/v2\/posts\/163309\/revisions"}],"wp:featuredmedia":[{"embeddable":true,"href":"http:\/\/vertienteglobal.com\/index.php?rest_route=\/wp\/v2\/media\/163310"}],"wp:attachment":[{"href":"http:\/\/vertienteglobal.com\/index.php?rest_route=%2Fwp%2Fv2%2Fmedia&parent=163309"}],"wp:term":[{"taxonomy":"category","embeddable":true,"href":"http:\/\/vertienteglobal.com\/index.php?rest_route=%2Fwp%2Fv2%2Fcategories&post=163309"},{"taxonomy":"post_tag","embeddable":true,"href":"http:\/\/vertienteglobal.com\/index.php?rest_route=%2Fwp%2Fv2%2Ftags&post=163309"}],"curies":[{"name":"wp","href":"https:\/\/api.w.org\/{rel}","templated":true}]}}