{"id":163149,"date":"2020-07-15T21:43:00","date_gmt":"2020-07-16T02:43:00","guid":{"rendered":"http:\/\/vertienteglobal.com\/?p=163149"},"modified":"2020-07-15T20:44:33","modified_gmt":"2020-07-16T01:44:33","slug":"inicia-la-construccion-del-hospital-temporal-para-pacientes-con-covid-19-en-chetumal-carlos-joaquin","status":"publish","type":"post","link":"http:\/\/vertienteglobal.com\/?p=163149","title":{"rendered":"Inicia la construcci\u00f3n del hospital temporal para pacientes con covid-19 en Chetumal: Carlos Joaqu\u00edn"},"content":{"rendered":"\n<div class=\"twitterbutton\" style=\"float: right; padding-left: 5px;\"><a href=\"http:\/\/twitter.com\/share\" class=\"twitter-share-button\" data-count=\"horizontal\" data-text=\"Inicia la construcci\u00f3n del hospital temporal para pacientes con covid-19 en Che...\" data-via=\"https:\/\/twitter.com\/VertienteGloba1\" data-url=\"http:\/\/vertienteglobal.com\/?p=163149\" data-lang=\"es\" data-related=\"Informaci\u00f3n general:S\u00edguenos para que est\u00e9ss informado\"><\/a><\/div>\n<figure class=\"wp-block-image size-large\"><img loading=\"lazy\" decoding=\"async\" width=\"1024\" height=\"682\" src=\"http:\/\/vertienteglobal.com\/wp-content\/uploads\/2020\/07\/cjhospitaltemporal1-1024x682.jpg\" alt=\"\" class=\"wp-image-163150\" srcset=\"http:\/\/vertienteglobal.com\/wp-content\/uploads\/2020\/07\/cjhospitaltemporal1-1024x682.jpg 1024w, http:\/\/vertienteglobal.com\/wp-content\/uploads\/2020\/07\/cjhospitaltemporal1-300x200.jpg 300w, http:\/\/vertienteglobal.com\/wp-content\/uploads\/2020\/07\/cjhospitaltemporal1-150x100.jpg 150w, http:\/\/vertienteglobal.com\/wp-content\/uploads\/2020\/07\/cjhospitaltemporal1-768x511.jpg 768w, http:\/\/vertienteglobal.com\/wp-content\/uploads\/2020\/07\/cjhospitaltemporal1.jpg 1280w\" sizes=\"auto, (max-width: 1024px) 100vw, 1024px\" \/><\/figure>\n\n\n\n<p>(Redaccion)<\/p>\n\n\n\n<p>Permitir\u00e1 ampliar la infraestructura hospitalaria para salvar vidas humanas<\/p>\n\n\n\n<p>Contar\u00e1 con 50 camas de hospitalizaci\u00f3n con instalaciones para gases medicinales y energ\u00eda regulada<\/p>\n\n\n\n<p>Chetumal, Quintana Roo a 15 de julio de 2020.- El gobernador Carlos Joaqu\u00edn anunci\u00f3 el inicio de la construcci\u00f3n del hospital temporal para pacientes con covid-19, en la capital del estado, que contar\u00e1 con 50 camas adicionales a las mil existentes en Quintana Roo, lo que permitir\u00e1 ampliar la infraestructura hospitalaria para salvar vidas humanas.<\/p>\n\n\n\n<p>El gobernador de Quintana Roo explic\u00f3 que, en la parte posterior del Hospital Oncol\u00f3gico de Chetumal, hoy reconvertido en nosocomio INSABI y operado por personal de la Secretar\u00eda de la Defensa Nacional (SEDENA) y de la Secretar\u00eda Estatal de Salud (SESA), se est\u00e1 edificando un anexo para pacientes con covid-19.<\/p>\n\n\n\n<p>Carlos Joaqu\u00edn dijo que el hospital temporal contar\u00e1 con 50 camas de hospitalizaci\u00f3n, con instalaciones para gases medicinales y energ\u00eda regulada, acceso y salida de personal independiente de los pacientes, dos consultorios de valoraci\u00f3n, ba\u00f1os, sala de espera, farmacia, vestidores, \u00e1reas de descanso y trabajo m\u00e9dico, y dos centrales de enfermer\u00eda.<\/p>\n\n\n\n<p>\u00abEn Quintana Roo, tenemos que generar h\u00e1bitos para la nueva normalidad. Es importante mantener el equilibrio entre el cuidado de la salud de las personas y el proceso de recuperaci\u00f3n de nuestra econom\u00eda, de los empleos para la gente, con una renovada actitud c\u00edvica para la nueva normalidad\u201d, explic\u00f3 el titular del Ejecutivo.<\/p>\n\n\n\n<p>El gobernador de Quintana Roo indic\u00f3 que, con esta infraestructura, se tendr\u00e1 un mayor n\u00famero de camas para atender a enfermos de covid-19. \u201cSon esfuerzos adicionales para ampliar, a\u00fan m\u00e1s, la infraestructura hospitalaria de Quintana Roo\u201d, dijo.<\/p>\n\n\n\n<p>La zona sur de Quintana Roo, de acuerdo con el sem\u00e1foro epidemiol\u00f3gico estatal, se encuentra en color rojo, por lo que la poblaci\u00f3n debe extremar sus medidas de distanciamiento social, quedarse en casa y hacer uso obligatorio del cubrebocas.<\/p>\n\n\n\n<p>El gobernador Carlos Joaqu\u00edn exhort\u00f3 a la poblaci\u00f3n a hacer uso del geoportal https:\/\/geoportal.qroo.gob.mx\/ mediante el cual la poblaci\u00f3n podr\u00e1 conocer el n\u00famero de casos por regi\u00f3n y ocupaci\u00f3n hospitalaria, y colonias y regiones con mayor riesgo de contagio.<\/p>\n\n\n\n<figure class=\"wp-block-image size-large\"><img loading=\"lazy\" decoding=\"async\" width=\"585\" height=\"390\" src=\"http:\/\/vertienteglobal.com\/wp-content\/uploads\/2020\/07\/cjhospitaltemporal3-585x390-1.jpg\" alt=\"\" class=\"wp-image-163151\" srcset=\"http:\/\/vertienteglobal.com\/wp-content\/uploads\/2020\/07\/cjhospitaltemporal3-585x390-1.jpg 585w, http:\/\/vertienteglobal.com\/wp-content\/uploads\/2020\/07\/cjhospitaltemporal3-585x390-1-300x200.jpg 300w, http:\/\/vertienteglobal.com\/wp-content\/uploads\/2020\/07\/cjhospitaltemporal3-585x390-1-150x100.jpg 150w\" sizes=\"auto, (max-width: 585px) 100vw, 585px\" \/><\/figure>\n\n\n\n<figure class=\"wp-block-image size-large\"><img loading=\"lazy\" decoding=\"async\" width=\"585\" height=\"390\" src=\"http:\/\/vertienteglobal.com\/wp-content\/uploads\/2020\/07\/cjhospitaltemporal2-585x390-1.jpg\" alt=\"\" class=\"wp-image-163152\" srcset=\"http:\/\/vertienteglobal.com\/wp-content\/uploads\/2020\/07\/cjhospitaltemporal2-585x390-1.jpg 585w, http:\/\/vertienteglobal.com\/wp-content\/uploads\/2020\/07\/cjhospitaltemporal2-585x390-1-300x200.jpg 300w, http:\/\/vertienteglobal.com\/wp-content\/uploads\/2020\/07\/cjhospitaltemporal2-585x390-1-150x100.jpg 150w\" sizes=\"auto, (max-width: 585px) 100vw, 585px\" \/><\/figure>\n","protected":false},"excerpt":{"rendered":"<p>(Redaccion) Permitir\u00e1 ampliar la infraestructura hospitalaria para salvar vidas humanas Contar\u00e1 con 50 camas de hospitalizaci\u00f3n con instalaciones para gases medicinales y energ\u00eda regulada Chetumal, Quintana Roo a 15 de julio de 2020.- El gobernador Carlos Joaqu\u00edn anunci\u00f3 el inicio de la construcci\u00f3n del hospital temporal para pacientes con covid-19, en la capital del estado, [&hellip;]<\/p>\n","protected":false},"author":1,"featured_media":163150,"comment_status":"open","ping_status":"open","sticky":false,"template":"","format":"standard","meta":{"footnotes":""},"categories":[3],"tags":[],"class_list":["post-163149","post","type-post","status-publish","format-standard","has-post-thumbnail","hentry","category-quintana-roo","entry","has-media"],"jetpack_featured_media_url":"http:\/\/vertienteglobal.com\/wp-content\/uploads\/2020\/07\/cjhospitaltemporal1.jpg","_links":{"self":[{"href":"http:\/\/vertienteglobal.com\/index.php?rest_route=\/wp\/v2\/posts\/163149","targetHints":{"allow":["GET"]}}],"collection":[{"href":"http:\/\/vertienteglobal.com\/index.php?rest_route=\/wp\/v2\/posts"}],"about":[{"href":"http:\/\/vertienteglobal.com\/index.php?rest_route=\/wp\/v2\/types\/post"}],"author":[{"embeddable":true,"href":"http:\/\/vertienteglobal.com\/index.php?rest_route=\/wp\/v2\/users\/1"}],"replies":[{"embeddable":true,"href":"http:\/\/vertienteglobal.com\/index.php?rest_route=%2Fwp%2Fv2%2Fcomments&post=163149"}],"version-history":[{"count":0,"href":"http:\/\/vertienteglobal.com\/index.php?rest_route=\/wp\/v2\/posts\/163149\/revisions"}],"wp:featuredmedia":[{"embeddable":true,"href":"http:\/\/vertienteglobal.com\/index.php?rest_route=\/wp\/v2\/media\/163150"}],"wp:attachment":[{"href":"http:\/\/vertienteglobal.com\/index.php?rest_route=%2Fwp%2Fv2%2Fmedia&parent=163149"}],"wp:term":[{"taxonomy":"category","embeddable":true,"href":"http:\/\/vertienteglobal.com\/index.php?rest_route=%2Fwp%2Fv2%2Fcategories&post=163149"},{"taxonomy":"post_tag","embeddable":true,"href":"http:\/\/vertienteglobal.com\/index.php?rest_route=%2Fwp%2Fv2%2Ftags&post=163149"}],"curies":[{"name":"wp","href":"https:\/\/api.w.org\/{rel}","templated":true}]}}