{"id":163142,"date":"2020-07-15T20:31:27","date_gmt":"2020-07-16T01:31:27","guid":{"rendered":"http:\/\/vertienteglobal.com\/?p=163142"},"modified":"2020-07-15T20:31:27","modified_gmt":"2020-07-16T01:31:27","slug":"aprueban-uso-obligatorio-de-cubrebocas-en-xalapa-veracruz","status":"publish","type":"post","link":"http:\/\/vertienteglobal.com\/?p=163142","title":{"rendered":"Aprueban uso obligatorio de cubrebocas en Xalapa, Veracruz"},"content":{"rendered":"\n<div class=\"twitterbutton\" style=\"float: right; padding-left: 5px;\"><a href=\"http:\/\/twitter.com\/share\" class=\"twitter-share-button\" data-count=\"horizontal\" data-text=\"Aprueban uso obligatorio de cubrebocas en Xalapa, Veracruz\" data-via=\"https:\/\/twitter.com\/VertienteGloba1\" data-url=\"http:\/\/vertienteglobal.com\/?p=163142\" data-lang=\"es\" data-related=\"Informaci\u00f3n general:S\u00edguenos para que est\u00e9ss informado\"><\/a><\/div>\n<figure class=\"wp-block-image size-large\"><img loading=\"lazy\" decoding=\"async\" width=\"1024\" height=\"683\" src=\"http:\/\/vertienteglobal.com\/wp-content\/uploads\/2020\/07\/1111554.jpg\" alt=\"\" class=\"wp-image-163143\" srcset=\"http:\/\/vertienteglobal.com\/wp-content\/uploads\/2020\/07\/1111554.jpg 1024w, http:\/\/vertienteglobal.com\/wp-content\/uploads\/2020\/07\/1111554-300x200.jpg 300w, http:\/\/vertienteglobal.com\/wp-content\/uploads\/2020\/07\/1111554-150x100.jpg 150w, http:\/\/vertienteglobal.com\/wp-content\/uploads\/2020\/07\/1111554-768x512.jpg 768w\" sizes=\"auto, (max-width: 1024px) 100vw, 1024px\" \/><\/figure>\n\n\n\n<p>(Redacci\u00f3n)<\/p>\n\n\n\n<p>En caso de que se incumplan estas disposiciones se establecer\u00e1n sanciones econ\u00f3micas a las due\u00f1as y due\u00f1os de negocios, y en caso de reincidencia podr\u00eda llegarse a la clausura por 15 d\u00edas<\/p>\n\n\n\n<p>Xalapa, Verqcruz a 15 de julio de 2020.- El uso obligatorio del cubrebocas en todos los establecimientos comerciales del municipio y la aplicaci\u00f3n de sanciones econ\u00f3micas y administrativas a los negocios como una medida preventiva de salud para mitigar el nivel de contagio y propagaci\u00f3n de la enfermedad Covid-19, aprobaron los integrantes del Cabildo en Sesi\u00f3n Ordinaria celebrada este mi\u00e9rcoles.<\/p>\n\n\n\n<p>El presidente municipal Hip\u00f3lito Rodr\u00edguez Herrero detall\u00f3 que el Punto de Acuerdo establece que la poblaci\u00f3n tendr\u00e1 la obligaci\u00f3n de portar cubrebocas de forma correcta, cubriendo en todo momento nariz y boca. En este sentido, los propietarios y encargados de los comercios deber\u00e1n vigilar que nadie entre en su local sino cuenta con esta protecci\u00f3n.<\/p>\n\n\n\n<p>En caso de que se incumplan estas disposiciones se establecer\u00e1n sanciones econ\u00f3micas a las due\u00f1as y due\u00f1os de negocios, y en caso de reincidencia podr\u00eda llegarse a la clausura por 15 d\u00edas.<\/p>\n\n\n\n<p>Manifest\u00f3 que usar el cubrebocas logra neutralizar los contagios hasta en 80 por ciento, por lo que todas y todos deber\u00e1n hacerlo.<\/p>\n\n\n\n<p>\u201cHay comercios que no respetan el uso de cubrebocas ni la sana distancia. Hay descuidos irresponsables y por eso instruimos estas medidas que son por el bien com\u00fan. Seguiremos trabajando para que en ning\u00fan espacio de interacci\u00f3n social se propague el virus\u201d, agreg\u00f3.<\/p>\n\n\n\n<p>Respecto de los tianguis o actividades comerciales en espacios abiertos, expres\u00f3 que la sanci\u00f3n incluye el decomiso de mercanc\u00eda y la suspensi\u00f3n de actividades por 15 d\u00edas.<\/p>\n\n\n\n<p>Las direcciones de Gobernaci\u00f3n, de Desarrollo Econ\u00f3mico, Social, Protecci\u00f3n Civil, Seguridad Ciudadana y Tr\u00e1nsito Municipal y las subdirecciones de Comercio y Salud, que integran el Grupo B\u00e1sico de Coordinaci\u00f3n, deber\u00e1n instrumentar y aplicar las medidas necesarias para el cumplimiento del Acuerdo.<\/p>\n\n\n\n<p>Asimismo, se ratific\u00f3 el Acuerdo de Cabildo mediante el que se ordena el cierre de los parques en Xalapa y se retir\u00f3 la propuesta para abrirlos.<\/p>\n\n\n\n<p>El Presidente Municipal afirm\u00f3 que actualmente la ciudad se encuentra en el pico de la pandemia, ya que el n\u00famero de contagios y fallecimientos a causa de la Covidd-19 se ha incrementado notablemente, por lo que ser\u00eda irresponsable abrirlos en estos momentos.<\/p>\n\n\n\n<p>La regidora Erika Yerania D\u00edaz Chavar coincidi\u00f3 en que hay que actuar con responsabilidad, ya que existe un inminente riesgo de que los hospitales colapsen sino se adoptan medidas que eviten los contagios masivos, adem\u00e1s de que en las inmediaciones del Parque Ecol\u00f3gico Macuilt\u00e9petl hay oposici\u00f3n de los vecinos para su reapertura.<\/p>\n\n\n\n<p>Para reducir el riesgo de propagaci\u00f3n del virus y proteger la salud del funcionariado y autoridades municipales se autoriz\u00f3 que las pr\u00f3ximas sesiones ordinarias y extraordinarias del Cabildo se realicen de manera virtual, a trav\u00e9s de videoconferencia o videollamada, hasta nuevo aviso.<\/p>\n\n\n\n<p>Asimismo, Hip\u00f3lito Rodr\u00edguez Herrero present\u00f3 el informe de las acciones desarrolladas por el Ayuntamiento ante la emergencia sanitaria ocasionada por el Coronavirus.<\/p>\n\n\n\n<p>Destac\u00f3 que se contin\u00faa con la entrega de las m\u00e1s de 20 mil despensas adquiridas para apoyar a familias en estado de vulnerabilidad, y reconoci\u00f3 la labor hecha por el funcionariado de todas las \u00e1reas del Gobierno Municipal.<\/p>\n\n\n\n<p>A solicitud de la regidora Mar\u00eda Consuelo Niembro Dom\u00ednguez se instruy\u00f3 al personal de la Direcci\u00f3n de Gobierno Abierto a que realice las gestiones necesarias para brindar el servicio de Internet gratuito en el territorio municipal, con el fin de hacer frente a los retos de la nueva normalidad generada por la emergencia sanitaria.<\/p>\n\n\n\n<p>En Asuntos Generales se aprob\u00f3 la propuesta de la regidora Erika Yerania D\u00edaz Chavar para que con ayuda del personal de la Subdirecci\u00f3n de Salud sean desinfectadas las calles y viviendas donde se hayan presentado casos positivos de Covid-19. (Fuente y foto:Ayuntamiento de Xalapa)<\/p>\n","protected":false},"excerpt":{"rendered":"<p>(Redacci\u00f3n) En caso de que se incumplan estas disposiciones se establecer\u00e1n sanciones econ\u00f3micas a las due\u00f1as y due\u00f1os de negocios, y en caso de reincidencia podr\u00eda llegarse a la clausura por 15 d\u00edas Xalapa, Verqcruz a 15 de julio de 2020.- El uso obligatorio del cubrebocas en todos los establecimientos comerciales del municipio y la [&hellip;]<\/p>\n","protected":false},"author":1,"featured_media":163143,"comment_status":"open","ping_status":"open","sticky":false,"template":"","format":"standard","meta":{"footnotes":""},"categories":[7],"tags":[],"class_list":["post-163142","post","type-post","status-publish","format-standard","has-post-thumbnail","hentry","category-veracruz","entry","has-media"],"jetpack_featured_media_url":"http:\/\/vertienteglobal.com\/wp-content\/uploads\/2020\/07\/1111554.jpg","_links":{"self":[{"href":"http:\/\/vertienteglobal.com\/index.php?rest_route=\/wp\/v2\/posts\/163142","targetHints":{"allow":["GET"]}}],"collection":[{"href":"http:\/\/vertienteglobal.com\/index.php?rest_route=\/wp\/v2\/posts"}],"about":[{"href":"http:\/\/vertienteglobal.com\/index.php?rest_route=\/wp\/v2\/types\/post"}],"author":[{"embeddable":true,"href":"http:\/\/vertienteglobal.com\/index.php?rest_route=\/wp\/v2\/users\/1"}],"replies":[{"embeddable":true,"href":"http:\/\/vertienteglobal.com\/index.php?rest_route=%2Fwp%2Fv2%2Fcomments&post=163142"}],"version-history":[{"count":0,"href":"http:\/\/vertienteglobal.com\/index.php?rest_route=\/wp\/v2\/posts\/163142\/revisions"}],"wp:featuredmedia":[{"embeddable":true,"href":"http:\/\/vertienteglobal.com\/index.php?rest_route=\/wp\/v2\/media\/163143"}],"wp:attachment":[{"href":"http:\/\/vertienteglobal.com\/index.php?rest_route=%2Fwp%2Fv2%2Fmedia&parent=163142"}],"wp:term":[{"taxonomy":"category","embeddable":true,"href":"http:\/\/vertienteglobal.com\/index.php?rest_route=%2Fwp%2Fv2%2Fcategories&post=163142"},{"taxonomy":"post_tag","embeddable":true,"href":"http:\/\/vertienteglobal.com\/index.php?rest_route=%2Fwp%2Fv2%2Ftags&post=163142"}],"curies":[{"name":"wp","href":"https:\/\/api.w.org\/{rel}","templated":true}]}}