{"id":163123,"date":"2020-07-15T17:05:00","date_gmt":"2020-07-15T22:05:00","guid":{"rendered":"http:\/\/vertienteglobal.com\/?p=163123"},"modified":"2020-07-15T19:58:55","modified_gmt":"2020-07-16T00:58:55","slug":"fifa-da-a-conocer-calendario-del-mundial-qatar-2022","status":"publish","type":"post","link":"http:\/\/vertienteglobal.com\/?p=163123","title":{"rendered":"FIFA da a conocer calendario del Mundial Qatar 2022"},"content":{"rendered":"\n<div class=\"twitterbutton\" style=\"float: right; padding-left: 5px;\"><a href=\"http:\/\/twitter.com\/share\" class=\"twitter-share-button\" data-count=\"horizontal\" data-text=\"FIFA da a conocer calendario del Mundial Qatar 2022\" data-via=\"https:\/\/twitter.com\/VertienteGloba1\" data-url=\"http:\/\/vertienteglobal.com\/?p=163123\" data-lang=\"es\" data-related=\"Informaci\u00f3n general:S\u00edguenos para que est\u00e9ss informado\"><\/a><\/div>\n<figure class=\"wp-block-image size-large\"><img loading=\"lazy\" decoding=\"async\" width=\"1024\" height=\"646\" src=\"http:\/\/vertienteglobal.com\/wp-content\/uploads\/2020\/07\/112088.jpg\" alt=\"\" class=\"wp-image-163124\" srcset=\"http:\/\/vertienteglobal.com\/wp-content\/uploads\/2020\/07\/112088.jpg 1024w, http:\/\/vertienteglobal.com\/wp-content\/uploads\/2020\/07\/112088-300x189.jpg 300w, http:\/\/vertienteglobal.com\/wp-content\/uploads\/2020\/07\/112088-150x95.jpg 150w, http:\/\/vertienteglobal.com\/wp-content\/uploads\/2020\/07\/112088-768x485.jpg 768w\" sizes=\"auto, (max-width: 1024px) 100vw, 1024px\" \/><\/figure>\n\n\n\n<p>(Redaccion)<\/p>\n\n\n\n<p>El Estadio Al Bayt ser\u00e1 el encargado de albergar el primer partido del certamen, inmueble con capacidad para 60 mil personas, mientras que la final se disputar\u00e1 en el Estadio Lusail, con aforo de 80 mil espectadores<\/p>\n\n\n\n<p>Ciudad de Mexico a 15 de julio de 2020.- La FIFA dio a conocer el calendario de la Copa del Mundo Qatar 2022, mismo que comenzar\u00e1 el 21 de noviembre y finalizar\u00e1 el 18 de diciembre, adem\u00e1s, resalta que la fase de grupos durar\u00e1 12 d\u00edas para que las selecciones puedan tener m\u00e1s d\u00edas de descanso.<\/p>\n\n\n\n<p>Y es que el Estadio Al Bayt ser\u00e1 el encargado de albergar el primer partido del certamen, inmueble con capacidad para 60 mil personas, mientras que la final se disputar\u00e1 en el Estadio Lusail, con aforo de 80 mil espectadores.<\/p>\n\n\n\n<p>La fase de grupos se celebrar\u00e1 del lunes 21 de noviembre hasta el viernes 2 de diciembre, con jornadas de cuatro partidos por d\u00eda. Los octavos de final tendr\u00e1n lugar entre el s\u00e1bado 3 de diciembre hasta el d\u00eda 6 del mismo mes.<\/p>\n\n\n\n<p>Los d\u00edas 7 y 8 ser\u00e1n de descanso para los combinados que se mantengan en los cuartos de final, los cuales se disputar\u00e1n el 9 y 10 de diciembre.<\/p>\n\n\n\n<p>Posteriormente, volver\u00e1 a haber dos d\u00edas de descanso y la actividad volver\u00e1 el 13 y 14 con los duelos de semifinal.<\/p>\n\n\n\n<p>Asimismo, y finalmente, el s\u00e1bado 17 se celebrar\u00e1 el cotejo por el tercer lugar y un d\u00eda despu\u00e9s se dar\u00e1 el duelo por el campeonato.<\/p>\n\n\n\n<p>La FIFA destaca en su reporte que el clima en esas fechas no ser\u00e1 un problema por lo que podr\u00e1n agendar partidos a cualquier hora del d\u00eda, adem\u00e1s de la ventaja que significa que los estadios est\u00e9n cercanos, lo que beneficiar\u00e1 a los participantes, pues no habr\u00e1 necesidad de que se trasladen v\u00eda \u00e1rea, situaci\u00f3n con la que se buscar\u00e1 favorecer a los involucrados por lo que los horarios y sedes de los partidos de fase de grupo se conocer\u00e1n despu\u00e9s del sorteo, mismo que se tiene estipulado se celebre a mediados del 2022. (Fuente: Espn)<\/p>\n","protected":false},"excerpt":{"rendered":"<p>(Redaccion) El Estadio Al Bayt ser\u00e1 el encargado de albergar el primer partido del certamen, inmueble con capacidad para 60 mil personas, mientras que la final se disputar\u00e1 en el Estadio Lusail, con aforo de 80 mil espectadores Ciudad de Mexico a 15 de julio de 2020.- La FIFA dio a conocer el calendario de [&hellip;]<\/p>\n","protected":false},"author":1,"featured_media":163124,"comment_status":"open","ping_status":"open","sticky":false,"template":"","format":"standard","meta":{"footnotes":""},"categories":[11],"tags":[],"class_list":["post-163123","post","type-post","status-publish","format-standard","has-post-thumbnail","hentry","category-deportes","entry","has-media"],"jetpack_featured_media_url":"http:\/\/vertienteglobal.com\/wp-content\/uploads\/2020\/07\/112088.jpg","_links":{"self":[{"href":"http:\/\/vertienteglobal.com\/index.php?rest_route=\/wp\/v2\/posts\/163123","targetHints":{"allow":["GET"]}}],"collection":[{"href":"http:\/\/vertienteglobal.com\/index.php?rest_route=\/wp\/v2\/posts"}],"about":[{"href":"http:\/\/vertienteglobal.com\/index.php?rest_route=\/wp\/v2\/types\/post"}],"author":[{"embeddable":true,"href":"http:\/\/vertienteglobal.com\/index.php?rest_route=\/wp\/v2\/users\/1"}],"replies":[{"embeddable":true,"href":"http:\/\/vertienteglobal.com\/index.php?rest_route=%2Fwp%2Fv2%2Fcomments&post=163123"}],"version-history":[{"count":0,"href":"http:\/\/vertienteglobal.com\/index.php?rest_route=\/wp\/v2\/posts\/163123\/revisions"}],"wp:featuredmedia":[{"embeddable":true,"href":"http:\/\/vertienteglobal.com\/index.php?rest_route=\/wp\/v2\/media\/163124"}],"wp:attachment":[{"href":"http:\/\/vertienteglobal.com\/index.php?rest_route=%2Fwp%2Fv2%2Fmedia&parent=163123"}],"wp:term":[{"taxonomy":"category","embeddable":true,"href":"http:\/\/vertienteglobal.com\/index.php?rest_route=%2Fwp%2Fv2%2Fcategories&post=163123"},{"taxonomy":"post_tag","embeddable":true,"href":"http:\/\/vertienteglobal.com\/index.php?rest_route=%2Fwp%2Fv2%2Ftags&post=163123"}],"curies":[{"name":"wp","href":"https:\/\/api.w.org\/{rel}","templated":true}]}}