{"id":163006,"date":"2020-07-14T17:10:00","date_gmt":"2020-07-14T22:10:00","guid":{"rendered":"http:\/\/vertienteglobal.com\/?p=163006"},"modified":"2020-07-14T19:41:08","modified_gmt":"2020-07-15T00:41:08","slug":"gobierno-de-laura-fernandez-da-mantenimiento-al-alumbrado-publico-de-la-ventana-al-mar-en-puerto-morelos","status":"publish","type":"post","link":"http:\/\/vertienteglobal.com\/?p=163006","title":{"rendered":"Gobierno de Laura Fernandez da mantenimiento al alumbrado publico de la ventana al mar en Puerto Morelos"},"content":{"rendered":"\n<div class=\"twitterbutton\" style=\"float: right; padding-left: 5px;\"><a href=\"http:\/\/twitter.com\/share\" class=\"twitter-share-button\" data-count=\"horizontal\" data-text=\"Gobierno de Laura Fernandez da mantenimiento al alumbrado publico de la ventana ...\" data-via=\"https:\/\/twitter.com\/VertienteGloba1\" data-url=\"http:\/\/vertienteglobal.com\/?p=163006\" data-lang=\"es\" data-related=\"Informaci\u00f3n general:S\u00edguenos para que est\u00e9ss informado\"><\/a><\/div>\n<figure class=\"wp-block-image size-large\"><img loading=\"lazy\" decoding=\"async\" width=\"696\" height=\"463\" src=\"http:\/\/vertienteglobal.com\/wp-content\/uploads\/2020\/07\/pmm-1-696x463-1.jpg\" alt=\"\" class=\"wp-image-163007\" srcset=\"http:\/\/vertienteglobal.com\/wp-content\/uploads\/2020\/07\/pmm-1-696x463-1.jpg 696w, http:\/\/vertienteglobal.com\/wp-content\/uploads\/2020\/07\/pmm-1-696x463-1-300x200.jpg 300w, http:\/\/vertienteglobal.com\/wp-content\/uploads\/2020\/07\/pmm-1-696x463-1-150x100.jpg 150w\" sizes=\"auto, (max-width: 696px) 100vw, 696px\" \/><\/figure>\n\n\n\n<p>(Redaccion)<\/p>\n\n\n\n<p>\u201cLa buena imagen de nuestro destino permite fortalecer la promoci\u00f3n, ya que los turistas buscan calidad y seguridad al momento de elegir a d\u00f3nde viajar\u201d, se\u00f1ala la alcaldesa<\/p>\n\n\n\n<p>Formula un reconocimiento al equipo de Servicios P\u00fablicos por todo el trabajo que ha realizado en medio de la emergencia sanitaria por el Covid-19<\/p>\n\n\n\n<p>Puerto Morelos, Quintana Roo, a 14 de julio de 2020.- Como parte de los trabajos de mejoramiento de la imagen de la Ventana al Mar, el gobierno de la presidenta municipal Laura Fern\u00e1ndez Pi\u00f1a llev\u00f3 a cabo labores correctivas y preventivas para la rehabilitaci\u00f3n de luminarias y postes.<\/p>\n\n\n\n<p>\u201cNuestra Ventana al Mar es uno de los lugares m\u00e1s emblem\u00e1ticos de nuestro Puerto Morelos, por lo que hemos atendido de manera puntual el cambio y el mantenimiento del alumbrado p\u00fablico. Es una zona a la que acuden los visitantes que ya est\u00e1n llegando a nuestro destino en esta nueva normalidad ante el Covid-19, luego de reactivarse de manera gradual la actividad tur\u00edstica, de acuerdo con el color naranja del Sem\u00e1foro Epidemiol\u00f3gico Estatal\u201d, mencion\u00f3 la alcaldesa.<\/p>\n\n\n\n<p>Abund\u00f3 que hasta ese lugar acuden los turistas para tomarse im\u00e1genes en el faro inclinado, que es el s\u00edmbolo de Puerto Morelos, en el muelle de madera y en el parador fotogr\u00e1fico, adem\u00e1s de que es el lugar en el que se concentran los prestadores de servicios tur\u00edsticos que reiniciaron labores para reactivar la econom\u00eda del destino.<\/p>\n\n\n\n<p>Laura Fern\u00e1ndez detall\u00f3 que entre las labores emprendidas est\u00e1 la sustituci\u00f3n de focos, balastros y pintura en los postes. \u201cLa buena imagen de nuestro destino permite fortalecer la promoci\u00f3n, ya que los turistas buscan calidad y seguridad al momento de elegir a d\u00f3nde viajar\u201d, apunt\u00f3.<\/p>\n\n\n\n<p>\u201cHago un especial reconocimiento al equipo de Servicios P\u00fablicos, a cargo de Miguel \u00c1ngel Zetina Azcorra, por todo el trabajo que ha realizado en medio de la emergencia sanitaria a causa del coronavirus SARS CoV-2.<\/p>\n\n\n\n<p>Cada uno de los integrantes de esta direcci\u00f3n se ha convertido en h\u00e9roe con nombre y apellido de Puerto Morelos, porque con profesionalismo y compromiso, pero sobre todo con la gran responsabilidad de cuidarse ante la pandemia, sale a trabajar todos los d\u00edas para que la poblaci\u00f3n y los vacacionistas tengan servicios de calidad\u201d, subray\u00f3.<\/p>\n\n\n\n<p>Por su parte, Miguel \u00c1ngel Zetina se\u00f1al\u00f3 que el personal de Servicios P\u00fablicos a su cargo realiza un monitoreo constante de todas las luminarias del municipio y se atienden las solicitudes ciudadanas de manera inmediata, ya que eso garantiza seguridad para las familias portomorelenses.<\/p>\n\n\n\n<p>Finalmente, coment\u00f3 que los trabajos de rehabilitaci\u00f3n del alumbrado p\u00fablico son permanentes en la cabecera municipal y las comunidades de Leona Vicario, Central Vallarta y Delirios.<\/p>\n\n\n\n<p>\u201cEl gobierno municipal est\u00e1 atento a las necesidades de la poblaci\u00f3n y act\u00faa de manera inmediata en beneficio de la gente\u201d, concluy\u00f3.<\/p>\n","protected":false},"excerpt":{"rendered":"<p>(Redaccion) \u201cLa buena imagen de nuestro destino permite fortalecer la promoci\u00f3n, ya que los turistas buscan calidad y seguridad al momento de elegir a d\u00f3nde viajar\u201d, se\u00f1ala la alcaldesa Formula un reconocimiento al equipo de Servicios P\u00fablicos por todo el trabajo que ha realizado en medio de la emergencia sanitaria por el Covid-19 Puerto Morelos, [&hellip;]<\/p>\n","protected":false},"author":1,"featured_media":163007,"comment_status":"open","ping_status":"open","sticky":false,"template":"","format":"standard","meta":{"footnotes":""},"categories":[3],"tags":[],"class_list":["post-163006","post","type-post","status-publish","format-standard","has-post-thumbnail","hentry","category-quintana-roo","entry","has-media"],"jetpack_featured_media_url":"http:\/\/vertienteglobal.com\/wp-content\/uploads\/2020\/07\/pmm-1-696x463-1.jpg","_links":{"self":[{"href":"http:\/\/vertienteglobal.com\/index.php?rest_route=\/wp\/v2\/posts\/163006","targetHints":{"allow":["GET"]}}],"collection":[{"href":"http:\/\/vertienteglobal.com\/index.php?rest_route=\/wp\/v2\/posts"}],"about":[{"href":"http:\/\/vertienteglobal.com\/index.php?rest_route=\/wp\/v2\/types\/post"}],"author":[{"embeddable":true,"href":"http:\/\/vertienteglobal.com\/index.php?rest_route=\/wp\/v2\/users\/1"}],"replies":[{"embeddable":true,"href":"http:\/\/vertienteglobal.com\/index.php?rest_route=%2Fwp%2Fv2%2Fcomments&post=163006"}],"version-history":[{"count":0,"href":"http:\/\/vertienteglobal.com\/index.php?rest_route=\/wp\/v2\/posts\/163006\/revisions"}],"wp:featuredmedia":[{"embeddable":true,"href":"http:\/\/vertienteglobal.com\/index.php?rest_route=\/wp\/v2\/media\/163007"}],"wp:attachment":[{"href":"http:\/\/vertienteglobal.com\/index.php?rest_route=%2Fwp%2Fv2%2Fmedia&parent=163006"}],"wp:term":[{"taxonomy":"category","embeddable":true,"href":"http:\/\/vertienteglobal.com\/index.php?rest_route=%2Fwp%2Fv2%2Fcategories&post=163006"},{"taxonomy":"post_tag","embeddable":true,"href":"http:\/\/vertienteglobal.com\/index.php?rest_route=%2Fwp%2Fv2%2Ftags&post=163006"}],"curies":[{"name":"wp","href":"https:\/\/api.w.org\/{rel}","templated":true}]}}