{"id":162953,"date":"2020-07-13T22:48:00","date_gmt":"2020-07-14T03:48:00","guid":{"rendered":"http:\/\/vertienteglobal.com\/?p=162953"},"modified":"2020-07-14T15:16:10","modified_gmt":"2020-07-14T20:16:10","slug":"entrega-el-gobernador-carlos-joaquin-el-apoyo-alimentario-numero-un-millon-en-benito-juarez-y-reconoce-la-labor-de-brigadistas-y-voluntarios","status":"publish","type":"post","link":"http:\/\/vertienteglobal.com\/?p=162953","title":{"rendered":"Entrega el gobernador Carlos Joaqu\u00edn el apoyo alimentario n\u00famero un mill\u00f3n en Benito Juarez y reconoce la labor de brigadistas y voluntarios"},"content":{"rendered":"\n<div class=\"twitterbutton\" style=\"float: right; padding-left: 5px;\"><a href=\"http:\/\/twitter.com\/share\" class=\"twitter-share-button\" data-count=\"horizontal\" data-text=\"Entrega el gobernador Carlos Joaqu\u00edn el apoyo alimentario n\u00famero un mill\u00f3n en...\" data-via=\"https:\/\/twitter.com\/VertienteGloba1\" data-url=\"http:\/\/vertienteglobal.com\/?p=162953\" data-lang=\"es\" data-related=\"Informaci\u00f3n general:S\u00edguenos para que est\u00e9ss informado\"><\/a><\/div>\n<figure class=\"wp-block-image size-large\"><img loading=\"lazy\" decoding=\"async\" width=\"1024\" height=\"613\" src=\"http:\/\/vertienteglobal.com\/wp-content\/uploads\/2020\/07\/cjayudadepensa1-1024x613.jpg\" alt=\"\" class=\"wp-image-162954\" srcset=\"http:\/\/vertienteglobal.com\/wp-content\/uploads\/2020\/07\/cjayudadepensa1-1024x613.jpg 1024w, http:\/\/vertienteglobal.com\/wp-content\/uploads\/2020\/07\/cjayudadepensa1-300x180.jpg 300w, http:\/\/vertienteglobal.com\/wp-content\/uploads\/2020\/07\/cjayudadepensa1-150x90.jpg 150w, http:\/\/vertienteglobal.com\/wp-content\/uploads\/2020\/07\/cjayudadepensa1-768x460.jpg 768w, http:\/\/vertienteglobal.com\/wp-content\/uploads\/2020\/07\/cjayudadepensa1.jpg 1280w\" sizes=\"auto, (max-width: 1024px) 100vw, 1024px\" \/><\/figure>\n\n\n\n<p>(Redaccion)<\/p>\n\n\n\n<p>\u00c1ngeles Campos Luna, ama de casa y madre de dos hijos, agradeci\u00f3 la despensa, ya que su esposo se qued\u00f3 sin empleo desde marzo, debido a la crisis del covid-19<\/p>\n\n\n\n<p>Brigadistas y voluntarios fueron reconocidos por la entrega de ayuda alimentaria, casa por casa, durante m\u00e1s de 90 d\u00edas<\/p>\n\n\n\n<p>Canc\u00fan, Quintana Roo a 13 de julio de 2020.- El gobernador Carlos Joaqu\u00edn entreg\u00f3 en Canc\u00fan, de manera simb\u00f3lica, la despensa n\u00famero un mill\u00f3n a la se\u00f1ora \u00c1ngeles Campos Luna, del fraccionamiento Rinconada del Mar, en el municipio de Benito Ju\u00e1rez.<\/p>\n\n\n\n<p>Durante un recorrido por la Supermanzana 247, el gobernador de Quintana Roo supervis\u00f3 la implementaci\u00f3n de los protocolos de sanidad en la entrega de alimentos, como parte del programa \u201cCinco apoyos para tu tranquilidad\u201d.<\/p>\n\n\n\n<p>Carlos Joaqu\u00edn tambi\u00e9n entreg\u00f3 reconocimientos a las y los brigadistas voluntarios, quienes durante m\u00e1s de 90 d\u00edas recorrieron las calles, en los 11 municipios de Quintana Roo, para entregar, casa por casa, los apoyos alimentarios en beneficio de las familias quintanarroenses.<\/p>\n\n\n\n<p>Carlos Joaqu\u00edn record\u00f3 la importancia del programa \u201cCinco apoyos para tu tranquilidad\u201d, en momentos en que, derivado de la crisis por la pandemia, en Quintana Roo se registraron 84 mil empleos perdidos y m\u00e1s de 190 mil familias no contaban con un empleo ligado al Instituto Mexicano del Seguro Social.<\/p>\n\n\n\n<p>\u201cEsas 190 mil familias, m\u00e1s esos 84 mil despedidos, evidentemente generaban toda una situaci\u00f3n de emergencia y de atenci\u00f3n que ten\u00edamos que cuidar\u201d, expres\u00f3 el gobernador.<\/p>\n\n\n\n<p>Durante su intervenci\u00f3n, la encargada del despacho de la Secretar\u00eda de Desarrollo Social Roc\u00edo Moreno agradeci\u00f3 el apoyo de todas y todos los voluntarios en el reparto de despensas, as\u00ed como a quienes participaron en el armado de rutas y el personal de bodegas, entre otros.<\/p>\n\n\n\n<p>\u201cFueron muchas horas, muchas manos y muchos brazos. Tuvimos que aprender a mover montacargas y a usar platines\u201d, expres\u00f3 y, frente a los brigadistas, dijo: \u201cUstedes son el m\u00e1s claro ejemplo de lo que la solidaridad y la cohesi\u00f3n social pueden lograr.\u201d<\/p>\n\n\n\n<p>Por su parte, la brigadista Dafne Couti\u00f1o expres\u00f3: \u201cMi experiencia fue muy grata. Levantarnos a las seis de la ma\u00f1ana, llegar aqu\u00ed, recibir el apoyo\u2026 era muy dif\u00edcil, porque estuvimos con el calor, bajo la lluvia. Muchos brigadistas fueron atacados por los perros, hubo personas muy groseras, otras amables, pero lo importante fue que llevamos esperanza a todas las viviendas y a todos los lugares.\u201d<\/p>\n\n\n\n<p>En el evento, estuvieron presentes la presidenta municipal Mara Lezama; Horacio Flores Fonseca, comandante de la Guarnici\u00f3n Militar en Canc\u00fan; el contralmirante Jos\u00e9 Francisco Estrada Hern\u00e1ndez, representante de la Quinta Regi\u00f3n Naval; el inspector Luis Alfredo Cansino, coordinador de la Guardia Nacional, y Jes\u00fas Alberto Capella, secretario de Seguridad P\u00fablica del Estado.<\/p>\n\n\n\n<figure class=\"wp-block-image size-large\"><img loading=\"lazy\" decoding=\"async\" width=\"585\" height=\"365\" src=\"http:\/\/vertienteglobal.com\/wp-content\/uploads\/2020\/07\/cjapoyo8-585x365-1.jpg\" alt=\"\" class=\"wp-image-162955\" srcset=\"http:\/\/vertienteglobal.com\/wp-content\/uploads\/2020\/07\/cjapoyo8-585x365-1.jpg 585w, http:\/\/vertienteglobal.com\/wp-content\/uploads\/2020\/07\/cjapoyo8-585x365-1-300x187.jpg 300w, http:\/\/vertienteglobal.com\/wp-content\/uploads\/2020\/07\/cjapoyo8-585x365-1-150x94.jpg 150w\" sizes=\"auto, (max-width: 585px) 100vw, 585px\" \/><\/figure>\n\n\n\n<figure class=\"wp-block-image size-large\"><img loading=\"lazy\" decoding=\"async\" width=\"585\" height=\"389\" src=\"http:\/\/vertienteglobal.com\/wp-content\/uploads\/2020\/07\/cjapoyo9-585x389-1.jpg\" alt=\"\" class=\"wp-image-162956\" srcset=\"http:\/\/vertienteglobal.com\/wp-content\/uploads\/2020\/07\/cjapoyo9-585x389-1.jpg 585w, http:\/\/vertienteglobal.com\/wp-content\/uploads\/2020\/07\/cjapoyo9-585x389-1-300x199.jpg 300w, http:\/\/vertienteglobal.com\/wp-content\/uploads\/2020\/07\/cjapoyo9-585x389-1-150x100.jpg 150w\" sizes=\"auto, (max-width: 585px) 100vw, 585px\" \/><\/figure>\n","protected":false},"excerpt":{"rendered":"<p>(Redaccion) \u00c1ngeles Campos Luna, ama de casa y madre de dos hijos, agradeci\u00f3 la despensa, ya que su esposo se qued\u00f3 sin empleo desde marzo, debido a la crisis del covid-19 Brigadistas y voluntarios fueron reconocidos por la entrega de ayuda alimentaria, casa por casa, durante m\u00e1s de 90 d\u00edas Canc\u00fan, Quintana Roo a 13 [&hellip;]<\/p>\n","protected":false},"author":1,"featured_media":162954,"comment_status":"open","ping_status":"open","sticky":false,"template":"","format":"standard","meta":{"footnotes":""},"categories":[3],"tags":[],"class_list":["post-162953","post","type-post","status-publish","format-standard","has-post-thumbnail","hentry","category-quintana-roo","entry","has-media"],"jetpack_featured_media_url":"http:\/\/vertienteglobal.com\/wp-content\/uploads\/2020\/07\/cjayudadepensa1.jpg","_links":{"self":[{"href":"http:\/\/vertienteglobal.com\/index.php?rest_route=\/wp\/v2\/posts\/162953","targetHints":{"allow":["GET"]}}],"collection":[{"href":"http:\/\/vertienteglobal.com\/index.php?rest_route=\/wp\/v2\/posts"}],"about":[{"href":"http:\/\/vertienteglobal.com\/index.php?rest_route=\/wp\/v2\/types\/post"}],"author":[{"embeddable":true,"href":"http:\/\/vertienteglobal.com\/index.php?rest_route=\/wp\/v2\/users\/1"}],"replies":[{"embeddable":true,"href":"http:\/\/vertienteglobal.com\/index.php?rest_route=%2Fwp%2Fv2%2Fcomments&post=162953"}],"version-history":[{"count":0,"href":"http:\/\/vertienteglobal.com\/index.php?rest_route=\/wp\/v2\/posts\/162953\/revisions"}],"wp:featuredmedia":[{"embeddable":true,"href":"http:\/\/vertienteglobal.com\/index.php?rest_route=\/wp\/v2\/media\/162954"}],"wp:attachment":[{"href":"http:\/\/vertienteglobal.com\/index.php?rest_route=%2Fwp%2Fv2%2Fmedia&parent=162953"}],"wp:term":[{"taxonomy":"category","embeddable":true,"href":"http:\/\/vertienteglobal.com\/index.php?rest_route=%2Fwp%2Fv2%2Fcategories&post=162953"},{"taxonomy":"post_tag","embeddable":true,"href":"http:\/\/vertienteglobal.com\/index.php?rest_route=%2Fwp%2Fv2%2Ftags&post=162953"}],"curies":[{"name":"wp","href":"https:\/\/api.w.org\/{rel}","templated":true}]}}