{"id":162804,"date":"2020-07-11T16:18:00","date_gmt":"2020-07-11T21:18:00","guid":{"rendered":"http:\/\/vertienteglobal.com\/?p=162804"},"modified":"2020-07-11T18:19:03","modified_gmt":"2020-07-11T23:19:03","slug":"la-alianza-de-camioneros-de-yucatan-celebra-su-90-aniversario","status":"publish","type":"post","link":"http:\/\/vertienteglobal.com\/?p=162804","title":{"rendered":"La Alianza de Camioneros de Yucat\u00e1n celebra su 90\u00b0 aniversario"},"content":{"rendered":"\n<div class=\"twitterbutton\" style=\"float: right; padding-left: 5px;\"><a href=\"http:\/\/twitter.com\/share\" class=\"twitter-share-button\" data-count=\"horizontal\" data-text=\"La Alianza de Camioneros de Yucat\u00e1n celebra su 90\u00b0 aniversario\" data-via=\"https:\/\/twitter.com\/VertienteGloba1\" data-url=\"http:\/\/vertienteglobal.com\/?p=162804\" data-lang=\"es\" data-related=\"Informaci\u00f3n general:S\u00edguenos para que est\u00e9ss informado\"><\/a><\/div>\n<figure class=\"wp-block-image size-large\"><img loading=\"lazy\" decoding=\"async\" width=\"600\" height=\"400\" src=\"http:\/\/vertienteglobal.com\/wp-content\/uploads\/2020\/07\/IMG_20200711_180237.jpg\" alt=\"\" class=\"wp-image-162805\" srcset=\"http:\/\/vertienteglobal.com\/wp-content\/uploads\/2020\/07\/IMG_20200711_180237.jpg 600w, http:\/\/vertienteglobal.com\/wp-content\/uploads\/2020\/07\/IMG_20200711_180237-300x200.jpg 300w, http:\/\/vertienteglobal.com\/wp-content\/uploads\/2020\/07\/IMG_20200711_180237-150x100.jpg 150w\" sizes=\"auto, (max-width: 600px) 100vw, 600px\" \/><\/figure>\n\n\n\n<p>(Redaccion)<\/p>\n\n\n\n<p>El actual Presidente de la Alianza de Camioneros de Yucat\u00e1n, Don Xavier Arturo Rodr\u00edguez Berzunza, habl\u00f3 sobre la dif\u00edcil situaci\u00f3n que vive la empresa debido a la Pandemia generada por el COVID-19 y por ello con responsabilidad social hacia los colaboradores y los usuarios se han adquirido equipos de sanitizaci\u00f3n para implementar en las oficinas principales, con la finalidad de prevenir contagios entre los colaboradores de la organizaci\u00f3n<\/p>\n\n\n\n<p>Merida, Yucatan a 11 de julio de 2020.- Un d\u00eda como hoy, pero de 1930 nace la Alianza de Camioneros de Yucat\u00e1n (ACY) fundada por Don Gonzalo L\u00f3pez Manzanero, con la cual se inici\u00f3 la transformaci\u00f3n profunda del transporte de M\u00e9rida.<\/p>\n\n\n\n<p>Joaqu\u00edn Mel\u00e9ndez Herrera, presidente del ACY en el periodo 1999-2002, reconoci\u00f3 la invaluable labor de los operadores que d\u00eda a d\u00eda salen a las calles para cumplir con la ciudadan\u00eda y transportarlos hac\u00eda sus destinos.<\/p>\n\n\n\n<p>\u201cHoy luchamos contra un enemigo que sabemos que existe y no lo podemos ver por ello tenemos que cuidarnos todos, por eso felicito a los operadores que a diario suben a una unidad con los debidos cuidados, yo felicito a los trabajadores operadores que son los que dan vida a esta organizaci\u00f3n.\u201d<\/p>\n\n\n\n<p>Por su parte, Agust\u00edn Escalante Gamboa, presidente de la empresa camionera en el periodo 2004-2014, extern\u00f3 su reconocimiento a todas las personas que a lo largo de estos 90 a\u00f1os ayudaron a construir la Alianza de Camioneros de Yucat\u00e1n y destac\u00f3 el compromiso de los operadores y el personal administrativo durante la actual emergencia sanitaria derivada del Coronavirus.<\/p>\n\n\n\n<p>En su intervenci\u00f3n el actual Presidente de la Alianza de Camioneros de Yucat\u00e1n, Don Xavier Arturo Rodr\u00edguez Berzunza, habl\u00f3 sobre la dif\u00edcil situaci\u00f3n que vive la empresa debido a la Pandemia generada por el COVID-19 y por ello con responsabilidad social hacia los colaboradores y los usuarios se han adquirido equipos de sanitizaci\u00f3n para implementar en las oficinas principales, con la finalidad de prevenir contagios entre los colaboradores de la organizaci\u00f3n.<\/p>\n\n\n\n<p>Tambi\u00e9n reconoci\u00f3 los problemas econ\u00f3micos que la empresa tiene y que en estos momentos de emergencia sanitaria se est\u00e1n agravando.<\/p>\n\n\n\n<p>\u201cNos viene a complicar el panorama esta pandemia mundial, tenemos problemas graves financieros.<\/p>\n\n\n\n<p>Agradezco desde este lugar y en este momento al se\u00f1or Gobernador Mauricio Vila Dosal el apoyo que ha estado entregando puntualmente en esta administraci\u00f3n por el apoyo al pueblo.<\/p>\n\n\n\n<p>Pero esos apoyos son insuficientes que volteen a ver al trasporte, porque el transporte p\u00fablico de pasajeros es la sangre que mueve a la ciudad a la cadena productiva.\u201d<\/p>\n\n\n\n<p>Rodr\u00edguez Berzunza enfatiz\u00f3 que se encuentran en una constante b\u00fasqueda de caminos para seguir adelante, ya que la empresa fundada por Don Gonzalo L\u00f3pez Manzanero, se ha distinguido por vencer los retos para modernizar sus unidades y equipos d\u00eda a d\u00eda.<\/p>\n\n\n\n<p>\u201cSeguimos cumpliendo como desde el principio de esta organizaci\u00f3n un 11 de Julio de 1930.<\/p>\n\n\n\n<p>La huella del trabajo social que nos hered\u00f3 Don Gonzalo L\u00f3pez Manzanero hoy sigue vigente a trav\u00e9s de las dos escuelas que impulso durante sus a\u00f1os de vida y dos escuelas posteriores a su fallecimiento con las cuales inculc\u00f3 la ense\u00f1anza y educaci\u00f3n de los hijos de los trabajadores\u201d, manifest\u00f3 Rodr\u00edguez Berzunza, con algarab\u00eda y elogios al hombre que con su visi\u00f3n empresarial, gran fortaleza humana y el deseo der servir dio vida a la Alianza de Camioneros de Yucat\u00e1n.<\/p>\n","protected":false},"excerpt":{"rendered":"<p>(Redaccion) El actual Presidente de la Alianza de Camioneros de Yucat\u00e1n, Don Xavier Arturo Rodr\u00edguez Berzunza, habl\u00f3 sobre la dif\u00edcil situaci\u00f3n que vive la empresa debido a la Pandemia generada por el COVID-19 y por ello con responsabilidad social hacia los colaboradores y los usuarios se han adquirido equipos de sanitizaci\u00f3n para implementar en las [&hellip;]<\/p>\n","protected":false},"author":1,"featured_media":162805,"comment_status":"open","ping_status":"open","sticky":false,"template":"","format":"standard","meta":{"footnotes":""},"categories":[2],"tags":[],"class_list":["post-162804","post","type-post","status-publish","format-standard","has-post-thumbnail","hentry","category-yucatan","entry","has-media"],"jetpack_featured_media_url":"http:\/\/vertienteglobal.com\/wp-content\/uploads\/2020\/07\/IMG_20200711_180237.jpg","_links":{"self":[{"href":"http:\/\/vertienteglobal.com\/index.php?rest_route=\/wp\/v2\/posts\/162804","targetHints":{"allow":["GET"]}}],"collection":[{"href":"http:\/\/vertienteglobal.com\/index.php?rest_route=\/wp\/v2\/posts"}],"about":[{"href":"http:\/\/vertienteglobal.com\/index.php?rest_route=\/wp\/v2\/types\/post"}],"author":[{"embeddable":true,"href":"http:\/\/vertienteglobal.com\/index.php?rest_route=\/wp\/v2\/users\/1"}],"replies":[{"embeddable":true,"href":"http:\/\/vertienteglobal.com\/index.php?rest_route=%2Fwp%2Fv2%2Fcomments&post=162804"}],"version-history":[{"count":0,"href":"http:\/\/vertienteglobal.com\/index.php?rest_route=\/wp\/v2\/posts\/162804\/revisions"}],"wp:featuredmedia":[{"embeddable":true,"href":"http:\/\/vertienteglobal.com\/index.php?rest_route=\/wp\/v2\/media\/162805"}],"wp:attachment":[{"href":"http:\/\/vertienteglobal.com\/index.php?rest_route=%2Fwp%2Fv2%2Fmedia&parent=162804"}],"wp:term":[{"taxonomy":"category","embeddable":true,"href":"http:\/\/vertienteglobal.com\/index.php?rest_route=%2Fwp%2Fv2%2Fcategories&post=162804"},{"taxonomy":"post_tag","embeddable":true,"href":"http:\/\/vertienteglobal.com\/index.php?rest_route=%2Fwp%2Fv2%2Ftags&post=162804"}],"curies":[{"name":"wp","href":"https:\/\/api.w.org\/{rel}","templated":true}]}}