{"id":162787,"date":"2020-07-10T21:19:23","date_gmt":"2020-07-11T02:19:23","guid":{"rendered":"http:\/\/vertienteglobal.com\/?p=162787"},"modified":"2020-07-11T18:11:38","modified_gmt":"2020-07-11T23:11:38","slug":"suben-a-1963-las-muertes-por-covid-19-en-veracruz-se-acumulan-13291-casos-confirmados","status":"publish","type":"post","link":"http:\/\/vertienteglobal.com\/?p=162787","title":{"rendered":"Suben a 1,963 las muertes por COVID-19 en Veracruz; se acumulan 13,291 casos confirmados"},"content":{"rendered":"\n<div class=\"twitterbutton\" style=\"float: right; padding-left: 5px;\"><a href=\"http:\/\/twitter.com\/share\" class=\"twitter-share-button\" data-count=\"horizontal\" data-text=\"Suben a 1,963 las muertes por COVID-19 en Veracruz; se acumulan 13,291 casos con...\" data-via=\"https:\/\/twitter.com\/VertienteGloba1\" data-url=\"http:\/\/vertienteglobal.com\/?p=162787\" data-lang=\"es\" data-related=\"Informaci\u00f3n general:S\u00edguenos para que est\u00e9ss informado\"><\/a><\/div>\n<figure class=\"wp-block-image size-large\"><img loading=\"lazy\" decoding=\"async\" width=\"800\" height=\"491\" src=\"http:\/\/vertienteglobal.com\/wp-content\/uploads\/2020\/07\/mapa-ver-1007-ok.jpg\" alt=\"\" class=\"wp-image-162788\" srcset=\"http:\/\/vertienteglobal.com\/wp-content\/uploads\/2020\/07\/mapa-ver-1007-ok.jpg 800w, http:\/\/vertienteglobal.com\/wp-content\/uploads\/2020\/07\/mapa-ver-1007-ok-300x184.jpg 300w, http:\/\/vertienteglobal.com\/wp-content\/uploads\/2020\/07\/mapa-ver-1007-ok-150x92.jpg 150w, http:\/\/vertienteglobal.com\/wp-content\/uploads\/2020\/07\/mapa-ver-1007-ok-768x471.jpg 768w\" sizes=\"auto, (max-width: 800px) 100vw, 800px\" \/><\/figure>\n\n\n\n<p>(Redacci\u00f3n)<\/p>\n\n\n\n<p>La cifra de positivos acumulados es 13 mil 291 (+ 263 nuevos) , de los cuales mil 385 son activos<\/p>\n\n\n\n<p>Xalapa, Veracruz a 10 de julio de 2020.- La Secretar\u00eda de Salud de Veracruz report\u00f3 este viernes 38 nuevas muertes por COVID-19, con lo que ya suman mil 963 fallecimientos en 124 demarcaciones de la entidad desde el inicio de la epidemia .<\/p>\n\n\n\n<p>Asimismo, la encargada de Epidemiolog\u00eda de la Secretar\u00eda de Salud, Dulce Mar\u00eda Espejo, dio a conocer de jueves para viernes se registraron 263 nuevos contagios, con lo que ya se acumulan 13 mil 291 casos en 179 municipios, de los cuales mil 385 son activos.<\/p>\n\n\n\n<p>Adem\u00e1s, 3 mil 135 casos sospechosos de 143 municipios contin\u00faan en investigaci\u00f3n.<\/p>\n\n\n\n<p>A la fecha, 8 mil 699 personas se han recuperado, atendidos en SS, IMSS, ISSSTE, Pemex, Sedena y Semar; de ellos, 2 mil 629 est\u00e1n bajo vigilancia.<\/p>\n\n\n\n<p>En la entidad han sido estudiados 23 mil 774 casos, de \u00e9stos, 7 mil 348 resultaron negativos.<\/p>\n\n\n\n<p>La cifra de positivos acumulados es 13 mil 291 (+ 263 nuevos) , de los cuales mil 385 son activos.<\/p>\n","protected":false},"excerpt":{"rendered":"<p>(Redacci\u00f3n) La cifra de positivos acumulados es 13 mil 291 (+ 263 nuevos) , de los cuales mil 385 son activos Xalapa, Veracruz a 10 de julio de 2020.- La Secretar\u00eda de Salud de Veracruz report\u00f3 este viernes 38 nuevas muertes por COVID-19, con lo que ya suman mil 963 fallecimientos en 124 demarcaciones de [&hellip;]<\/p>\n","protected":false},"author":1,"featured_media":162788,"comment_status":"open","ping_status":"open","sticky":false,"template":"","format":"standard","meta":{"footnotes":""},"categories":[7],"tags":[],"class_list":["post-162787","post","type-post","status-publish","format-standard","has-post-thumbnail","hentry","category-veracruz","entry","has-media"],"jetpack_featured_media_url":"http:\/\/vertienteglobal.com\/wp-content\/uploads\/2020\/07\/mapa-ver-1007-ok.jpg","_links":{"self":[{"href":"http:\/\/vertienteglobal.com\/index.php?rest_route=\/wp\/v2\/posts\/162787","targetHints":{"allow":["GET"]}}],"collection":[{"href":"http:\/\/vertienteglobal.com\/index.php?rest_route=\/wp\/v2\/posts"}],"about":[{"href":"http:\/\/vertienteglobal.com\/index.php?rest_route=\/wp\/v2\/types\/post"}],"author":[{"embeddable":true,"href":"http:\/\/vertienteglobal.com\/index.php?rest_route=\/wp\/v2\/users\/1"}],"replies":[{"embeddable":true,"href":"http:\/\/vertienteglobal.com\/index.php?rest_route=%2Fwp%2Fv2%2Fcomments&post=162787"}],"version-history":[{"count":0,"href":"http:\/\/vertienteglobal.com\/index.php?rest_route=\/wp\/v2\/posts\/162787\/revisions"}],"wp:featuredmedia":[{"embeddable":true,"href":"http:\/\/vertienteglobal.com\/index.php?rest_route=\/wp\/v2\/media\/162788"}],"wp:attachment":[{"href":"http:\/\/vertienteglobal.com\/index.php?rest_route=%2Fwp%2Fv2%2Fmedia&parent=162787"}],"wp:term":[{"taxonomy":"category","embeddable":true,"href":"http:\/\/vertienteglobal.com\/index.php?rest_route=%2Fwp%2Fv2%2Fcategories&post=162787"},{"taxonomy":"post_tag","embeddable":true,"href":"http:\/\/vertienteglobal.com\/index.php?rest_route=%2Fwp%2Fv2%2Ftags&post=162787"}],"curies":[{"name":"wp","href":"https:\/\/api.w.org\/{rel}","templated":true}]}}