{"id":162690,"date":"2020-07-07T22:38:27","date_gmt":"2020-07-08T03:38:27","guid":{"rendered":"http:\/\/vertienteglobal.com\/?p=162690"},"modified":"2020-07-09T10:39:42","modified_gmt":"2020-07-09T15:39:42","slug":"las-medidas-para-disminuir-la-movilidad-en-chetumal-se-mantendran-e-intensificaran-en-los-proximos-14-dias-carlos-joaquin","status":"publish","type":"post","link":"http:\/\/vertienteglobal.com\/?p=162690","title":{"rendered":"Las medidas para disminuir la movilidad en Chetumal se mantendr\u00e1n e intensificar\u00e1n en los pr\u00f3ximos 14 d\u00edas: Carlos Joaqu\u00edn"},"content":{"rendered":"\n<div class=\"twitterbutton\" style=\"float: right; padding-left: 5px;\"><a href=\"http:\/\/twitter.com\/share\" class=\"twitter-share-button\" data-count=\"horizontal\" data-text=\"Las medidas para disminuir la movilidad en Chetumal se mantendr\u00e1n e intensifica...\" data-via=\"https:\/\/twitter.com\/VertienteGloba1\" data-url=\"http:\/\/vertienteglobal.com\/?p=162690\" data-lang=\"es\" data-related=\"Informaci\u00f3n general:S\u00edguenos para que est\u00e9ss informado\"><\/a><\/div>\n<figure class=\"wp-block-image size-large\"><img loading=\"lazy\" decoding=\"async\" width=\"1024\" height=\"683\" src=\"http:\/\/vertienteglobal.com\/wp-content\/uploads\/2020\/07\/CJ-Medidas-1024x683.jpg\" alt=\"\" class=\"wp-image-162691\" srcset=\"http:\/\/vertienteglobal.com\/wp-content\/uploads\/2020\/07\/CJ-Medidas-1024x683.jpg 1024w, http:\/\/vertienteglobal.com\/wp-content\/uploads\/2020\/07\/CJ-Medidas-300x200.jpg 300w, http:\/\/vertienteglobal.com\/wp-content\/uploads\/2020\/07\/CJ-Medidas-150x100.jpg 150w, http:\/\/vertienteglobal.com\/wp-content\/uploads\/2020\/07\/CJ-Medidas-768x512.jpg 768w, http:\/\/vertienteglobal.com\/wp-content\/uploads\/2020\/07\/CJ-Medidas.jpg 1280w\" sizes=\"auto, (max-width: 1024px) 100vw, 1024px\" \/><\/figure>\n\n\n\n<p>(Redacci\u00f3n)<\/p>\n\n\n\n<p>El objetivo es disminuir los riesgos de contagio, proteger la salud de la gente y salvar vidas humanas<\/p>\n\n\n\n<p>El exhorto es \u00a1Qu\u00e9date en Casa! y quienes tengan que salir apliquen las medidas de prevenci\u00f3n establecidas, entre ellas sana distancia y usar cubrebocas<\/p>\n\n\n\n<p>Chetuma, Quintama Roo a 07 de julio de 2020l.- El gobernador Carlos Joaqu\u00edn anunci\u00f3 hoy que las medidas para disminuir el tr\u00e1nsito de personas e invitar a la gente a quedarse en casa se mantendr\u00e1n e intensificar\u00e1n en los pr\u00f3ximos 14 d\u00edas en la capital del estado.<\/p>\n\n\n\n<p>Al dar a conocer las nuevas medidas que se han tomado para convivir con el coronavirus fuera de casa, el gobernador de Quintana Roo exhort\u00f3 a que de nuevo logremos disminuir la movilidad, que lleg\u00f3 al 85% cuando nos quedamos en casa.<\/p>\n\n\n\n<p>Entre estas nuevas medidas se encuentra el cierre de vialidades y disminuir la movilidad de personas en las calles, invitar a quedarse en casa principalmente a aquellos sectores que lo pueden hacer, como los del educativo y los empleados del Gobierno del Estado.<\/p>\n\n\n\n<p>LaPolic\u00eda Quintana Roo realiza operativos e instala filtros sanitarios en puntos estrat\u00e9gicos, los que se ir\u00e1n incrementando. Solamente este martes, en el que se ubic\u00f3 en las inmediaciones del mercado nuevo 35 personas registraron temperaturas arriba de 37\u00ba y dos con casi 40\u00ba .<\/p>\n\n\n\n<p>Se fortalecer\u00e1 la revisi\u00f3n del transporte p\u00fablico para evitar que las personas viajen en mayor n\u00famero del permitido por el sem\u00e1foro epidemiol\u00f3gico.<\/p>\n\n\n\n<p>En diversos puntos de la ciudad, brigadas de \u201cEnlaces de Participaci\u00f3n Social\u201d o \u201cGorras Amarillas\u201d estar\u00e1n record\u00e1ndole a la gente las medidas b\u00e1sicas de distanciamiento social, el uso de cubrebocas, as\u00ed como otros h\u00e1bitos que deben llevarse a cabo para cuidar la salud de la gente.<\/p>\n\n\n\n<p>El gobernador Carlos Joaqu\u00edn actualiz\u00f3 la informaci\u00f3n sobre el Covid-19 en Quintana Roo durante el programa Enlace Ciudadano, que se transmiti\u00f3 por la se\u00f1al del Sistema Quintanarroense de Comunicaci\u00f3n Social y por las redes de la Coordinaci\u00f3n General de Comunicaci\u00f3n del Gobierno del Estado.<\/p>\n\n\n\n<p>Entre otras medidas, el gobernador de Quintana Roo inform\u00f3 que habr\u00e1 una revisi\u00f3n de al menos 50 negocios que abrieron sin cumplir con los protocolos sanitarios y otros que han sido reportados al Instituto Mexicano del Seguro Social.<\/p>\n\n\n\n<p>Carlos Joaqu\u00edn puso a disposici\u00f3n de la gente el geoportal en donde se pueden encontrar los casos positivos por colonias. La direcci\u00f3n es https:\/\/geoportal.qroo.gob.mx\/<\/p>\n\n\n\n<p>Por otra parte, del programa 5 apoyos para tu tranquilidad, el titular del Ejecutivo inform\u00f3 que se ha llegado a Un mill\u00f3n 008 mil 200 paquetes alimentarios entregados casa por casa durante la emergencia sanitaria. Asimismo, en breve se anunciar\u00e1 un nuevo programa alimentario de apoyo a la poblaci\u00f3n que m\u00e1s lo necesita.<\/p>\n\n\n\n<p>En relaci\u00f3n a la Certificaci\u00f3n en Protecci\u00f3n y Prevenci\u00f3n Sanitaria en Instalaciones Tur\u00edsticas, la plataforma sigue abierta que m\u00e1s empresas registren sus protocolos. A la fecha ya hay 6 mil 509 empresas o negocios registrados.<\/p>\n\n\n\n<p>El gobernador Carlos Joaqu\u00edn dirigi\u00f3 el siguiente mensaje a la poblaci\u00f3n:<\/p>\n\n\n\n<p>Amigas, amigos:<\/p>\n\n\n\n<p>El pedirles de nuevo su mejor \u00e1nimo para Quintana Roo, su confianza, la responsabilidad que todos debemos de tener, de cuidarnos a s\u00ed mismos y de cuidar a los dem\u00e1s.<\/p>\n\n\n\n<p>Estar atentos a esta convivencia que tenemos en el programa de recuperaci\u00f3n de nuestro estado, de recuperaci\u00f3n econ\u00f3mica de nuestro estado en el que deberemos de convivir con el coronavirus fuera de casa.<\/p>\n\n\n\n<p>Por eso es tan importante que quien pueda permanecer en ella, se quede en casa durante todos estos d\u00edas, permitiendo entonces que en las ciudades quienes debemos de salir a trabajar tengamos mayores espacios, menos contacto f\u00edsico y el poder entonces entrar a toda esta serie de h\u00e1bitos que como sociedad debemos de tomar.<\/p>\n\n\n\n<p>La convivencia con el coronavirus es de gran relevancia, la nueva normalidad, la nueva forma de movernos, la nueva forma de actuar, el no saludo, el que no podamos estar a menos de metro y medio de distancia, el que debamos usar el cubrebocas, el que lavarse las manos sea algo frecuente con much\u00edsima, con much\u00edsimo cuidado, hacerlo por lo menos una vez cada hora.<\/p>\n\n\n\n<p>Todos esos h\u00e1bitos que son tan necesarios debemos de llevarlos como parte de una sociedad responsable, una sociedad que ha decidido tomar un programa de recuperaci\u00f3n que debe ir de forma gradual, ordenada y con la responsabilidad de todas y todos.<\/p>\n\n\n\n<p>Yo les pido a todos ustedes que mantengamos esa gran responsabilidad y solidaridad que Quintana Roo mostr\u00f3 cuando est\u00e1bamos en casa y disminuimos hasta el 85% del movimiento en nuestras ciudades.<\/p>\n\n\n\n<p>Hoy debemos de tomar esa solidaridad y esa responsabilidad para cuidarnos todos.<\/p>\n\n\n\n<p>Tomar estos h\u00e1bitos y al mismo tiempo de ir a trabajar y de recuperarnos econ\u00f3micamente entonces tener un gran cuidado de nuestra salud.<\/p>\n\n\n\n<p>Estoy seguro que si llevamos a cabo todas estas medidas con el apoyo en la ampliaci\u00f3n hospitalaria, con el apoyo en los profesionales de la salud y en la gente que atiende a quienes desgraciadamente se han contagiado de Covid y han requerido de una cama de hospital o de un ventilador para poder respirar podamos entonces avanzar y seguir adelante como un estado responsable, fuerte y que busca salir adelante y que hoy es ejemplo a nivel nacional.<\/p>\n\n\n\n<p>Hag\u00e1moslo juntos porque s\u00f3lo as\u00ed \u00a1Juntos Saldremos Adelante!<\/p>\n","protected":false},"excerpt":{"rendered":"<p>(Redacci\u00f3n) El objetivo es disminuir los riesgos de contagio, proteger la salud de la gente y salvar vidas humanas El exhorto es \u00a1Qu\u00e9date en Casa! y quienes tengan que salir apliquen las medidas de prevenci\u00f3n establecidas, entre ellas sana distancia y usar cubrebocas Chetuma, Quintama Roo a 07 de julio de 2020l.- El gobernador Carlos [&hellip;]<\/p>\n","protected":false},"author":1,"featured_media":162691,"comment_status":"open","ping_status":"open","sticky":false,"template":"","format":"standard","meta":{"footnotes":""},"categories":[3],"tags":[],"class_list":["post-162690","post","type-post","status-publish","format-standard","has-post-thumbnail","hentry","category-quintana-roo","entry","has-media"],"jetpack_featured_media_url":"http:\/\/vertienteglobal.com\/wp-content\/uploads\/2020\/07\/CJ-Medidas.jpg","_links":{"self":[{"href":"http:\/\/vertienteglobal.com\/index.php?rest_route=\/wp\/v2\/posts\/162690","targetHints":{"allow":["GET"]}}],"collection":[{"href":"http:\/\/vertienteglobal.com\/index.php?rest_route=\/wp\/v2\/posts"}],"about":[{"href":"http:\/\/vertienteglobal.com\/index.php?rest_route=\/wp\/v2\/types\/post"}],"author":[{"embeddable":true,"href":"http:\/\/vertienteglobal.com\/index.php?rest_route=\/wp\/v2\/users\/1"}],"replies":[{"embeddable":true,"href":"http:\/\/vertienteglobal.com\/index.php?rest_route=%2Fwp%2Fv2%2Fcomments&post=162690"}],"version-history":[{"count":0,"href":"http:\/\/vertienteglobal.com\/index.php?rest_route=\/wp\/v2\/posts\/162690\/revisions"}],"wp:featuredmedia":[{"embeddable":true,"href":"http:\/\/vertienteglobal.com\/index.php?rest_route=\/wp\/v2\/media\/162691"}],"wp:attachment":[{"href":"http:\/\/vertienteglobal.com\/index.php?rest_route=%2Fwp%2Fv2%2Fmedia&parent=162690"}],"wp:term":[{"taxonomy":"category","embeddable":true,"href":"http:\/\/vertienteglobal.com\/index.php?rest_route=%2Fwp%2Fv2%2Fcategories&post=162690"},{"taxonomy":"post_tag","embeddable":true,"href":"http:\/\/vertienteglobal.com\/index.php?rest_route=%2Fwp%2Fv2%2Ftags&post=162690"}],"curies":[{"name":"wp","href":"https:\/\/api.w.org\/{rel}","templated":true}]}}