{"id":162677,"date":"2020-07-08T09:30:03","date_gmt":"2020-07-08T14:30:03","guid":{"rendered":"http:\/\/vertienteglobal.com\/?p=162677"},"modified":"2020-07-09T09:33:06","modified_gmt":"2020-07-09T14:33:06","slug":"por-primera-vez-amlo-usa-cubrebocas-en-vuelo","status":"publish","type":"post","link":"http:\/\/vertienteglobal.com\/?p=162677","title":{"rendered":"Por primera vez AMLO usa cubrebocas en vuelo"},"content":{"rendered":"\n<div class=\"twitterbutton\" style=\"float: right; padding-left: 5px;\"><a href=\"http:\/\/twitter.com\/share\" class=\"twitter-share-button\" data-count=\"horizontal\" data-text=\"Por primera vez AMLO usa cubrebocas en vuelo\" data-via=\"https:\/\/twitter.com\/VertienteGloba1\" data-url=\"http:\/\/vertienteglobal.com\/?p=162677\" data-lang=\"es\" data-related=\"Informaci\u00f3n general:S\u00edguenos para que est\u00e9ss informado\"><\/a><\/div>\n<figure class=\"wp-block-image size-large\"><img loading=\"lazy\" decoding=\"async\" width=\"1024\" height=\"576\" src=\"http:\/\/vertienteglobal.com\/wp-content\/uploads\/2020\/07\/IMG_20200709_092926-1024x576.jpg\" alt=\"\" class=\"wp-image-162678\" srcset=\"http:\/\/vertienteglobal.com\/wp-content\/uploads\/2020\/07\/IMG_20200709_092926-1024x576.jpg 1024w, http:\/\/vertienteglobal.com\/wp-content\/uploads\/2020\/07\/IMG_20200709_092926-300x169.jpg 300w, http:\/\/vertienteglobal.com\/wp-content\/uploads\/2020\/07\/IMG_20200709_092926-150x84.jpg 150w, http:\/\/vertienteglobal.com\/wp-content\/uploads\/2020\/07\/IMG_20200709_092926-768x432.jpg 768w, http:\/\/vertienteglobal.com\/wp-content\/uploads\/2020\/07\/IMG_20200709_092926.jpg 1200w\" sizes=\"auto, (max-width: 1024px) 100vw, 1024px\" \/><\/figure>\n\n\n\n<p>(Redacci\u00f3n)<\/p>\n\n\n\n<p>El mandatario lleg\u00f3 alrededor de una hora antes del despegue a la terminal 2 del Aeropuerto Internacional de la Ciudad de M\u00e9xico, tras seguir una ruta un tanto diferente a la habitual y jugar al despiste con los medios de comunicaci\u00f3n, entrando por la pista<\/p>\n\n\n\n<p>Ciudad de M\u00e9xico a 08 de julio de 2020.- En un vuelo comercial rumbo a EEUU<br>El presidente de M\u00e9xico, Andr\u00e9s Manuel L\u00f3pez Obrador, parti\u00f3 este martes en un avi\u00f3n comercial rumbo a Washington para reunirse con su hom\u00f3logo estadounidense Donald Trump, y por primera vez uso un cubrebocas.<\/p>\n\n\n\n<p>El mandatario lleg\u00f3 alrededor de una hora antes del despegue a la terminal 2 del Aeropuerto Internacional de la Ciudad de M\u00e9xico, tras seguir una ruta un tanto diferente a la habitual y jugar al despiste con los medios de comunicaci\u00f3n, entrando por la pista.<\/p>\n\n\n\n<p>Abord\u00f3 un vuelo de Delta Air Lines que debe despegar sobre las 13:35 hora local (18:35 GMT) con una escala a Atlanta (EE.UU.) para arribar a Washington D.C. en la noche, seg\u00fan medios locales.<\/p>\n\n\n\n<p>Como an\u00e9cdota, y a ra\u00edz de las normativas establecidas, L\u00f3pez Obrador fue visto por primera vez con cubrebocas tras el arribo de la pandemia a M\u00e9xico el 28 de febrero.<\/p>\n\n\n\n<p>En la terminal 2 se hab\u00edan instalado vallas para facilitar la llegada de L\u00f3pez Obrador y parte de su comitiva, encabezada por el canciller, Marcelo Ebrard, y la ministra de Econom\u00eda, Graciela M\u00e1rquez, quien lleg\u00f3 una hora antes que el mandatario a esta misma terminal y entr\u00f3 por la puerta principal.<\/p>\n\n\n\n<p>En su t\u00edpico coche, un Jetta blanco, L\u00f3pez Obrador hab\u00eda salido de Palacio Nacional pasado el mediod\u00eda y llev\u00f3 a cabo un trayecto de alrededor de cuarenta minutos.<\/p>\n\n\n\n<p>Varios medios de comunicaci\u00f3n siguieron al presidente en motocicleta durante el trayecto, un reflejo de la enorme expectaci\u00f3n que genera en M\u00e9xico este viaje, el primero al extranjero de L\u00f3pez Obrador desde que asumi\u00f3 la Presidencia el 1 de diciembre de 2018.<\/p>\n\n\n\n<p>Este 8 de julio, el mandatario, junto a una comitiva encabezada por el canciller, Marcelo Ebrad, y la ministra de Econom\u00eda, Graciela M\u00e1rquez, depositar\u00e1 en la ma\u00f1ana ofrendas florales frente al monumento del hist\u00f3rico presidente de Estados Unidos Abraham Lincoln y al de M\u00e9xico, Benito Ju\u00e1rez.<\/p>\n\n\n\n<p>Por la tarde del mi\u00e9rcoles, L\u00f3pez Obrador se trasladar\u00e1 a la Casa Blanca para un encuentro privado con su hom\u00f3logo estadounidense y una segunda reuni\u00f3n entre ambos mandatarios con sus respectivas comitivas.<\/p>\n\n\n\n<p>La agenda de trabajo concluir\u00e1 con una cena que ofrece Trump a L\u00f3pez Obrador y a su s\u00e9quito, as\u00ed como a un grupo de empresarios de ambos pa\u00edses.<\/p>\n\n\n\n<p>El motivo principal del viaje es la celebraci\u00f3n de la entrada en vigor el 1 de julio del Tratado entre M\u00e9xico, Estados Unidos y Canad\u00e1 (T-MEC), un convenio comercial indispensable para M\u00e9xico.<\/p>\n\n\n\n<p>No obstante, se espera que se aborden otros temas -algunos m\u00e1s pol\u00e9micos como la pol\u00edtica migratoria estadounidense- debido a la estrecha relaci\u00f3n que une a ambas naciones. (Fuente: Noticieros Televisa)<\/p>\n","protected":false},"excerpt":{"rendered":"<p>(Redacci\u00f3n) El mandatario lleg\u00f3 alrededor de una hora antes del despegue a la terminal 2 del Aeropuerto Internacional de la Ciudad de M\u00e9xico, tras seguir una ruta un tanto diferente a la habitual y jugar al despiste con los medios de comunicaci\u00f3n, entrando por la pista Ciudad de M\u00e9xico a 08 de julio de 2020.- [&hellip;]<\/p>\n","protected":false},"author":1,"featured_media":162678,"comment_status":"open","ping_status":"open","sticky":false,"template":"","format":"standard","meta":{"footnotes":""},"categories":[8],"tags":[],"class_list":["post-162677","post","type-post","status-publish","format-standard","has-post-thumbnail","hentry","category-pais","entry","has-media"],"jetpack_featured_media_url":"http:\/\/vertienteglobal.com\/wp-content\/uploads\/2020\/07\/IMG_20200709_092926.jpg","_links":{"self":[{"href":"http:\/\/vertienteglobal.com\/index.php?rest_route=\/wp\/v2\/posts\/162677","targetHints":{"allow":["GET"]}}],"collection":[{"href":"http:\/\/vertienteglobal.com\/index.php?rest_route=\/wp\/v2\/posts"}],"about":[{"href":"http:\/\/vertienteglobal.com\/index.php?rest_route=\/wp\/v2\/types\/post"}],"author":[{"embeddable":true,"href":"http:\/\/vertienteglobal.com\/index.php?rest_route=\/wp\/v2\/users\/1"}],"replies":[{"embeddable":true,"href":"http:\/\/vertienteglobal.com\/index.php?rest_route=%2Fwp%2Fv2%2Fcomments&post=162677"}],"version-history":[{"count":0,"href":"http:\/\/vertienteglobal.com\/index.php?rest_route=\/wp\/v2\/posts\/162677\/revisions"}],"wp:featuredmedia":[{"embeddable":true,"href":"http:\/\/vertienteglobal.com\/index.php?rest_route=\/wp\/v2\/media\/162678"}],"wp:attachment":[{"href":"http:\/\/vertienteglobal.com\/index.php?rest_route=%2Fwp%2Fv2%2Fmedia&parent=162677"}],"wp:term":[{"taxonomy":"category","embeddable":true,"href":"http:\/\/vertienteglobal.com\/index.php?rest_route=%2Fwp%2Fv2%2Fcategories&post=162677"},{"taxonomy":"post_tag","embeddable":true,"href":"http:\/\/vertienteglobal.com\/index.php?rest_route=%2Fwp%2Fv2%2Ftags&post=162677"}],"curies":[{"name":"wp","href":"https:\/\/api.w.org\/{rel}","templated":true}]}}