{"id":162598,"date":"2020-07-06T17:49:00","date_gmt":"2020-07-06T22:49:00","guid":{"rendered":"http:\/\/vertienteglobal.com\/?p=162598"},"modified":"2020-07-06T22:10:33","modified_gmt":"2020-07-07T03:10:33","slug":"anuncia-fiscal-general-del-estado-mtro-oscar-montes-de-oca-la-creacion-de-fiscalia-especializada-en-investigacion-y-persecucion-de-feminicidios","status":"publish","type":"post","link":"http:\/\/vertienteglobal.com\/?p=162598","title":{"rendered":"Anuncia Fiscal General del estado, Mtro. \u00d3scar Montes de Oca, la creaci\u00f3n de Fiscal\u00eda Especializada en Investigaci\u00f3n y Persecuci\u00f3n de Feminicidios"},"content":{"rendered":"\n<div class=\"twitterbutton\" style=\"float: right; padding-left: 5px;\"><a href=\"http:\/\/twitter.com\/share\" class=\"twitter-share-button\" data-count=\"horizontal\" data-text=\"Anuncia Fiscal General del estado, Mtro. \u00d3scar Montes de Oca, la creaci\u00f3n de F...\" data-via=\"https:\/\/twitter.com\/VertienteGloba1\" data-url=\"http:\/\/vertienteglobal.com\/?p=162598\" data-lang=\"es\" data-related=\"Informaci\u00f3n general:S\u00edguenos para que est\u00e9ss informado\"><\/a><\/div>\n<figure class=\"wp-block-image size-large\"><img loading=\"lazy\" decoding=\"async\" width=\"1024\" height=\"683\" src=\"http:\/\/vertienteglobal.com\/wp-content\/uploads\/2020\/07\/IMG_20200706_130235-1024x683.jpg\" alt=\"\" class=\"wp-image-162599\" srcset=\"http:\/\/vertienteglobal.com\/wp-content\/uploads\/2020\/07\/IMG_20200706_130235-1024x683.jpg 1024w, http:\/\/vertienteglobal.com\/wp-content\/uploads\/2020\/07\/IMG_20200706_130235-300x200.jpg 300w, http:\/\/vertienteglobal.com\/wp-content\/uploads\/2020\/07\/IMG_20200706_130235-150x100.jpg 150w, http:\/\/vertienteglobal.com\/wp-content\/uploads\/2020\/07\/IMG_20200706_130235-768x512.jpg 768w, http:\/\/vertienteglobal.com\/wp-content\/uploads\/2020\/07\/IMG_20200706_130235.jpg 1200w\" sizes=\"auto, (max-width: 1024px) 100vw, 1024px\" \/><\/figure>\n\n\n\n<p>(Redacci\u00f3n)<\/p>\n\n\n\n<p>Esta Fiscal\u00eda permitir\u00e1 la creaci\u00f3n de esquemas de investigaci\u00f3n especializada, con perspectiva de g\u00e9nero<\/p>\n\n\n\n<p>Se busca redoblar esfuerzos para obtener mejores resultados en la investigaci\u00f3n de estos delitos<\/p>\n\n\n\n<p>Tambi\u00e9n inform\u00f3 que durante la semana pasada fueron detenidas 67 personas, de las cu\u00e1les 22 fueron vinculadas a proceso, 21 ya est\u00e1n en prisi\u00f3n preventiva; se cumplimentaron 13 \u00f3rdenes de aprehensi\u00f3n y 2 \u00f3rdenes de cateo<\/p>\n\n\n\n<p>Cancun, Quintana Roo a 06 de julio de 2020. &#8211; El Fiscal General del Estado de Quintana Roo, Mtro. \u00d3scar Montes de Oca Rosales inform\u00f3 este lunes la creaci\u00f3n de la Fiscal\u00eda Especializada en Investigaci\u00f3n y Persecuci\u00f3n de Feminicidios, ante la necesidad de crear un esquema de investigaci\u00f3n especializada y con perspectiva de g\u00e9nero para resolver estos il\u00edcitos.<\/p>\n\n\n\n<p>La creaci\u00f3n de esta Fiscal\u00eda cuyo titular ser\u00e1 el Lic. Christopher Cid Hurtado, permitir\u00e1 tener mayor capacitaci\u00f3n y concentraci\u00f3n de esfuerzos de las personas servidoras p\u00fablicas que participan en la investigaci\u00f3n de feminicidios.<\/p>\n\n\n\n<p>El Fiscal General indic\u00f3 que desde el pasado 3 de junio, se firm\u00f3 el acuerdo que eleva de rango la unidad de feminicidios a fiscal\u00eda, por lo que se dotar\u00e1 de recursos propios a esta \u00e1rea y ya no depender\u00e1 de la Fiscal\u00eda Especializada en Atenci\u00f3n de Delitos contra la Mujer y por Razones de G\u00e9nero.<\/p>\n\n\n\n<p>Por otra parte, el Maestro Montes de Oca Rosales, destac\u00f3 el trabajo conjunto de fiscales, peritos y polic\u00edas de investigaci\u00f3n adscritos a esta \u00e1rea que permiti\u00f3 la identificaci\u00f3n, localizaci\u00f3n y captura del implicado en los hechos ocurridos en agravio de una mujer reportada como desaparecida el pasado 4 de junio y encontrada sin vida dos d\u00edas despu\u00e9s.<\/p>\n\n\n\n<p>En otro tema, el titular de la dependencia inform\u00f3 el balance semanal de las acciones realizadas por la FGE en el periodo que comprende del 29 de junio al 5 de julio, donde fueron puestas a disposici\u00f3n del ministerio p\u00fablico 67 personas de las cu\u00e1les 12 fueron por delitos contra la salud, 7 por violencia familiar y 8 por violaci\u00f3n. De los 67 detenidos, 22 fueron vinculados a proceso (por delitos de homicidio, extorsi\u00f3n y violencia familiar) y 21 ya se encuentran en prisi\u00f3n preventiva.<\/p>\n\n\n\n<p>Tambi\u00e9n fueron cumplimentadas 13 \u00f3rdenes de aprehensi\u00f3n, entre las que destacan 1 por feminicidio, 1 por homicidio y 6 por violaci\u00f3n.<\/p>\n\n\n\n<p>Los actos de investigaci\u00f3n de la autoridad ministerial permitieron solicitar 2 \u00f3rdenes de cateo cumplimentadas por la polic\u00eda de investigaci\u00f3n, relacionados en carpetas iniciadas por delitos contra la salud.<\/p>\n\n\n\n<p>La Fiscal\u00eda General del Estado cumple con su obligaci\u00f3n de procurar justicia mediante la implementaci\u00f3n de los protocolos establecidos en la ley que permitan ubicar, localizar, capturar y llevar ante tribunales a quienes transgreden la ley y con ello la paz social en la entidad.<\/p>\n\n\n\n<figure class=\"wp-block-image size-large\"><img loading=\"lazy\" decoding=\"async\" width=\"768\" height=\"862\" src=\"http:\/\/vertienteglobal.com\/wp-content\/uploads\/2020\/07\/065C1E00-472A-48AF-A84F-D1C593B2B758-768x862-1.jpeg\" alt=\"\" class=\"wp-image-162600\" srcset=\"http:\/\/vertienteglobal.com\/wp-content\/uploads\/2020\/07\/065C1E00-472A-48AF-A84F-D1C593B2B758-768x862-1.jpeg 768w, http:\/\/vertienteglobal.com\/wp-content\/uploads\/2020\/07\/065C1E00-472A-48AF-A84F-D1C593B2B758-768x862-1-267x300.jpeg 267w, http:\/\/vertienteglobal.com\/wp-content\/uploads\/2020\/07\/065C1E00-472A-48AF-A84F-D1C593B2B758-768x862-1-134x150.jpeg 134w\" sizes=\"auto, (max-width: 768px) 100vw, 768px\" \/><\/figure>\n","protected":false},"excerpt":{"rendered":"<p>(Redacci\u00f3n) Esta Fiscal\u00eda permitir\u00e1 la creaci\u00f3n de esquemas de investigaci\u00f3n especializada, con perspectiva de g\u00e9nero Se busca redoblar esfuerzos para obtener mejores resultados en la investigaci\u00f3n de estos delitos Tambi\u00e9n inform\u00f3 que durante la semana pasada fueron detenidas 67 personas, de las cu\u00e1les 22 fueron vinculadas a proceso, 21 ya est\u00e1n en prisi\u00f3n preventiva; se [&hellip;]<\/p>\n","protected":false},"author":1,"featured_media":162599,"comment_status":"open","ping_status":"open","sticky":false,"template":"","format":"standard","meta":{"footnotes":""},"categories":[3],"tags":[],"class_list":["post-162598","post","type-post","status-publish","format-standard","has-post-thumbnail","hentry","category-quintana-roo","entry","has-media"],"jetpack_featured_media_url":"http:\/\/vertienteglobal.com\/wp-content\/uploads\/2020\/07\/IMG_20200706_130235.jpg","_links":{"self":[{"href":"http:\/\/vertienteglobal.com\/index.php?rest_route=\/wp\/v2\/posts\/162598","targetHints":{"allow":["GET"]}}],"collection":[{"href":"http:\/\/vertienteglobal.com\/index.php?rest_route=\/wp\/v2\/posts"}],"about":[{"href":"http:\/\/vertienteglobal.com\/index.php?rest_route=\/wp\/v2\/types\/post"}],"author":[{"embeddable":true,"href":"http:\/\/vertienteglobal.com\/index.php?rest_route=\/wp\/v2\/users\/1"}],"replies":[{"embeddable":true,"href":"http:\/\/vertienteglobal.com\/index.php?rest_route=%2Fwp%2Fv2%2Fcomments&post=162598"}],"version-history":[{"count":0,"href":"http:\/\/vertienteglobal.com\/index.php?rest_route=\/wp\/v2\/posts\/162598\/revisions"}],"wp:featuredmedia":[{"embeddable":true,"href":"http:\/\/vertienteglobal.com\/index.php?rest_route=\/wp\/v2\/media\/162599"}],"wp:attachment":[{"href":"http:\/\/vertienteglobal.com\/index.php?rest_route=%2Fwp%2Fv2%2Fmedia&parent=162598"}],"wp:term":[{"taxonomy":"category","embeddable":true,"href":"http:\/\/vertienteglobal.com\/index.php?rest_route=%2Fwp%2Fv2%2Fcategories&post=162598"},{"taxonomy":"post_tag","embeddable":true,"href":"http:\/\/vertienteglobal.com\/index.php?rest_route=%2Fwp%2Fv2%2Ftags&post=162598"}],"curies":[{"name":"wp","href":"https:\/\/api.w.org\/{rel}","templated":true}]}}