{"id":162453,"date":"2020-07-04T12:37:00","date_gmt":"2020-07-04T17:37:00","guid":{"rendered":"http:\/\/vertienteglobal.com\/?p=162453"},"modified":"2020-07-04T16:39:20","modified_gmt":"2020-07-04T21:39:20","slug":"poza-rica-y-tuxpan-en-semaforo-rojo-por-covid-19","status":"publish","type":"post","link":"http:\/\/vertienteglobal.com\/?p=162453","title":{"rendered":"Poza Rica y Tuxpan, en sem\u00e1foro rojo por COVID-19"},"content":{"rendered":"\n<div class=\"twitterbutton\" style=\"float: right; padding-left: 5px;\"><a href=\"http:\/\/twitter.com\/share\" class=\"twitter-share-button\" data-count=\"horizontal\" data-text=\"Poza Rica y Tuxpan, en sem\u00e1foro rojo por COVID-19\" data-via=\"https:\/\/twitter.com\/VertienteGloba1\" data-url=\"http:\/\/vertienteglobal.com\/?p=162453\" data-lang=\"es\" data-related=\"Informaci\u00f3n general:S\u00edguenos para que est\u00e9ss informado\"><\/a><\/div>\n<figure class=\"wp-block-image size-large\"><img loading=\"lazy\" decoding=\"async\" width=\"1024\" height=\"619\" src=\"http:\/\/vertienteglobal.com\/wp-content\/uploads\/2020\/07\/1109758.jpg\" alt=\"\" class=\"wp-image-162454\" srcset=\"http:\/\/vertienteglobal.com\/wp-content\/uploads\/2020\/07\/1109758.jpg 1024w, http:\/\/vertienteglobal.com\/wp-content\/uploads\/2020\/07\/1109758-300x181.jpg 300w, http:\/\/vertienteglobal.com\/wp-content\/uploads\/2020\/07\/1109758-150x91.jpg 150w, http:\/\/vertienteglobal.com\/wp-content\/uploads\/2020\/07\/1109758-768x464.jpg 768w\" sizes=\"auto, (max-width: 1024px) 100vw, 1024px\" \/><\/figure>\n\n\n\n<p>(Redacci\u00f3n)<\/p>\n\n\n\n<p>\u201cLa cabecera municipal de Poza Rica y Tuxpan, en riesgo m\u00e1ximo\u201d, indic\u00f3<\/p>\n\n\n\n<p>Xalapa, Veracruz a 04 de julio de 2020.- La Subdirectora de Prevenci\u00f3n y Control de Enfermedades, Guadalupe D\u00edaz del Castillo, inform\u00f3 que para la semana del 6 al 12 de julio, Poza Rica y Tuxpan estar\u00e1n en color rojo del sem\u00e1foro epidemiol\u00f3gico.<\/p>\n\n\n\n<p>\u201cLa cabecera municipal de Poza Rica y Tuxpan, en riesgo m\u00e1ximo\u201d, indic\u00f3.<\/p>\n\n\n\n<p>Inform\u00f3 que en la regi\u00f3n P\u00e1nuco \u2013 Tuxpan \u2013Poza Rica varios \u201cmunicipios que estaban en nivel de riesgo medio, pasaron a riesgo alto, mientras que municipios que estaban en riesgo alto, pasaron a riesgo m\u00e1ximo\u201d.<\/p>\n\n\n\n<p>De acuerdo con el reporte de la Secretar\u00eda de Salud del estado, al corte del viernes 3 de julio, el municipio de Poza Rica registra 610 casos confirmados, 112 defunciones y 90 casos sospechosos a COVID-19.<\/p>\n\n\n\n<p>Tuxpan tiene un registro de 268 casos confirmados, 18 defunciones y 80 casos sospechosos.<\/p>\n\n\n\n<p>En tanto, P\u00e1nuco reporta 34 casos positivos de coronavirus, tres fallecimientos y 53 casos sospechosos.<\/p>\n\n\n\n<p>\u00bfQu\u00e9 significa estar en sem\u00e1foro rojo y qu\u00e9 actividades est\u00e1n permitidas?<\/p>\n\n\n\n<p>Para los municipios en sem\u00e1foro \u201crojo\u201d, esto indica que hay un \u201criesgo m\u00e1ximo\u201d de contagios, por lo se encuentran cerrados los cines, teatros, museos y eventos culturales de hasta 500 localidades (aforo permitido).<\/p>\n\n\n\n<p>Tambi\u00e9n est\u00e1n cerrados los centros religiosos: iglesias, templos, sinagogas, mezquitas, etc.; as\u00ed como suspendidos los eventos masivos y centros recreativos, como parques de diversiones, balnearios y ferias; adem\u00e1s de parques, plazas y espacios p\u00fablicos.<\/p>\n\n\n\n<p>Los centros nocturnos, bares y salones de eventos tambi\u00e9n deber\u00e1n permanecer cerrados hasta que haya alguna indicaci\u00f3n por parte de las autoridades de salud.<\/p>\n\n\n\n<p>Los gimnasios, albercas, centros deportivos, spa y centros de masaje continuar\u00e1n cerrados.<\/p>\n\n\n\n<p>El servicio de peluquer\u00edas, est\u00e9ticas y barber\u00edas deber\u00e1 ser a domicilio.<\/p>\n\n\n\n<p>La ocupaci\u00f3n hotelera as\u00ed como el aforo permitido de restaurantes y cafeter\u00edas de los municipios en sem\u00e1foro rojo deber\u00e1 ser del 25 por ciento de su capacidad.<\/p>\n\n\n\n<p>Los mercados y supermercados podr\u00e1n operar al 50 por ciento de su capacidad, con el ingreso de 1 persona por familia. (Fuente y Foto:SSVer)<\/p>\n","protected":false},"excerpt":{"rendered":"<p>(Redacci\u00f3n) \u201cLa cabecera municipal de Poza Rica y Tuxpan, en riesgo m\u00e1ximo\u201d, indic\u00f3 Xalapa, Veracruz a 04 de julio de 2020.- La Subdirectora de Prevenci\u00f3n y Control de Enfermedades, Guadalupe D\u00edaz del Castillo, inform\u00f3 que para la semana del 6 al 12 de julio, Poza Rica y Tuxpan estar\u00e1n en color rojo del sem\u00e1foro epidemiol\u00f3gico. [&hellip;]<\/p>\n","protected":false},"author":1,"featured_media":162454,"comment_status":"open","ping_status":"open","sticky":false,"template":"","format":"standard","meta":{"footnotes":""},"categories":[7],"tags":[],"class_list":["post-162453","post","type-post","status-publish","format-standard","has-post-thumbnail","hentry","category-veracruz","entry","has-media"],"jetpack_featured_media_url":"http:\/\/vertienteglobal.com\/wp-content\/uploads\/2020\/07\/1109758.jpg","_links":{"self":[{"href":"http:\/\/vertienteglobal.com\/index.php?rest_route=\/wp\/v2\/posts\/162453","targetHints":{"allow":["GET"]}}],"collection":[{"href":"http:\/\/vertienteglobal.com\/index.php?rest_route=\/wp\/v2\/posts"}],"about":[{"href":"http:\/\/vertienteglobal.com\/index.php?rest_route=\/wp\/v2\/types\/post"}],"author":[{"embeddable":true,"href":"http:\/\/vertienteglobal.com\/index.php?rest_route=\/wp\/v2\/users\/1"}],"replies":[{"embeddable":true,"href":"http:\/\/vertienteglobal.com\/index.php?rest_route=%2Fwp%2Fv2%2Fcomments&post=162453"}],"version-history":[{"count":0,"href":"http:\/\/vertienteglobal.com\/index.php?rest_route=\/wp\/v2\/posts\/162453\/revisions"}],"wp:featuredmedia":[{"embeddable":true,"href":"http:\/\/vertienteglobal.com\/index.php?rest_route=\/wp\/v2\/media\/162454"}],"wp:attachment":[{"href":"http:\/\/vertienteglobal.com\/index.php?rest_route=%2Fwp%2Fv2%2Fmedia&parent=162453"}],"wp:term":[{"taxonomy":"category","embeddable":true,"href":"http:\/\/vertienteglobal.com\/index.php?rest_route=%2Fwp%2Fv2%2Fcategories&post=162453"},{"taxonomy":"post_tag","embeddable":true,"href":"http:\/\/vertienteglobal.com\/index.php?rest_route=%2Fwp%2Fv2%2Ftags&post=162453"}],"curies":[{"name":"wp","href":"https:\/\/api.w.org\/{rel}","templated":true}]}}