{"id":162439,"date":"2020-07-04T09:49:00","date_gmt":"2020-07-04T14:49:00","guid":{"rendered":"http:\/\/vertienteglobal.com\/?p=162439"},"modified":"2020-07-04T11:51:33","modified_gmt":"2020-07-04T16:51:33","slug":"renovar-pacto-fiscal-para-que-t-mec-beneficie-economias-locales-acuerda-alianza-de-12-gobernadores","status":"publish","type":"post","link":"http:\/\/vertienteglobal.com\/?p=162439","title":{"rendered":"Renovar Pacto Fiscal para que T-MEC beneficie econom\u00edas locales, acuerda \u2018Alianza\u2019 de 12 gobernadores"},"content":{"rendered":"\n<div class=\"twitterbutton\" style=\"float: right; padding-left: 5px;\"><a href=\"http:\/\/twitter.com\/share\" class=\"twitter-share-button\" data-count=\"horizontal\" data-text=\"Renovar Pacto Fiscal para que T-MEC beneficie econom\u00edas locales, acuerda \u2018Ali...\" data-via=\"https:\/\/twitter.com\/VertienteGloba1\" data-url=\"http:\/\/vertienteglobal.com\/?p=162439\" data-lang=\"es\" data-related=\"Informaci\u00f3n general:S\u00edguenos para que est\u00e9ss informado\"><\/a><\/div>\n<figure class=\"wp-block-image size-large\"><img loading=\"lazy\" decoding=\"async\" width=\"1024\" height=\"590\" src=\"http:\/\/vertienteglobal.com\/wp-content\/uploads\/2020\/07\/1109725.jpg\" alt=\"\" class=\"wp-image-162440\" srcset=\"http:\/\/vertienteglobal.com\/wp-content\/uploads\/2020\/07\/1109725.jpg 1024w, http:\/\/vertienteglobal.com\/wp-content\/uploads\/2020\/07\/1109725-300x173.jpg 300w, http:\/\/vertienteglobal.com\/wp-content\/uploads\/2020\/07\/1109725-150x86.jpg 150w, http:\/\/vertienteglobal.com\/wp-content\/uploads\/2020\/07\/1109725-768x443.jpg 768w\" sizes=\"auto, (max-width: 1024px) 100vw, 1024px\" \/><\/figure>\n\n\n\n<p>(Redacci\u00f3n)<\/p>\n\n\n\n<p>Los gobernadores de Chihuahua, Coahuila, Colima, Durango, Guanajuato, Jalisco, Michoac\u00e1n, Nuevo Le\u00f3n y Tamaulipas, adem\u00e1s de los nuevos integrantes que son San Luis Potos\u00ed, Quer\u00e9taro y Aguascalientes<\/p>\n\n\n\n<p>Ciudad de M\u00e9xico a 04 de julio de 2020.- Se debe insistir a la Federaci\u00f3n en renovar el pacto fiscal para que el nuevo Tratado entre M\u00e9xico, Estados Unidos y Canad\u00e1 (T-MEC) beneficie de mejor forma a sus econom\u00edas locales, acord\u00f3 la \u201cAlianza Federalista\u201d, grupo que suma ahora 12 gobernadores de oposici\u00f3n.<\/p>\n\n\n\n<p>Y es que lo anterior fue acordado en la primera reuni\u00f3n virtual de los gobernadores de Chihuahua, Coahuila, Colima, Durango, Guanajuato, Jalisco, Michoac\u00e1n, Nuevo Le\u00f3n y Tamaulipas, adem\u00e1s de los nuevos integrantes que son San Luis Potos\u00ed, Quer\u00e9taro y Aguascalientes.<\/p>\n\n\n\n<p>En el comunicado que presentaron el viernes argumentaron:<\/p>\n\n\n\n<p>\u00abLos gobernadores expresaron la importancia de avanzar hacia un nuevo federalismo cooperativo y responsable; es decir, a un nuevo modelo de descentralizaci\u00f3n articulado a partir de atribuciones, responsabilidades y deberes claramente delimitados, que permita el fortalecimiento de las capacidades locales\u00bb.<\/p>\n\n\n\n<p>\u00abEste nuevo federalismo permitir\u00e1 aprovechar al m\u00e1ximo las oportunidades de la entrada en vigor del T-MEC, acelerar la recuperaci\u00f3n econ\u00f3mica del Pa\u00eds, fortalecer las finanzas p\u00fablicas y promover la inversi\u00f3n p\u00fablico-privada en infraestructura y en servicios p\u00fablicos\u00bb, a\u00f1ade.<\/p>\n\n\n\n<p>Tambi\u00e9n reiteraron que el actual modelo de Pacto Fiscal es obsoleto y se debe trabajar cuanto antes en un nuevo federalismo basado en la descentralizaci\u00f3n de las atribuciones hacendarias.<\/p>\n\n\n\n<p>\u00abQue permita que las entidades federativas se puedan hacer de m\u00e1s recursos para afrontar contingencias extraordinarias como la actual\u00bb, indica el texto del gobierno de Nuevo Le\u00f3n.<\/p>\n\n\n\n<p>Por otra parte, el gobierno de Coahuila que encabeza Miguel Riquelme, destac\u00f3 la importancia de avanzar hacia un nuevo federalismo cooperativo y responsable.<\/p>\n\n\n\n<p>\u00abEs decir, un nuevo modelo de descentralizaci\u00f3n articulado a partir de atribuciones, responsabilidades y deberes claramente delimitados\u00bb, apunta el comunicado.<\/p>\n\n\n\n<p>En el di\u00e1logo virtual que establecieron los gobernadores, se reproch\u00f3 nuevamente al gobierno federal que no ha articulado una respuesta para enfrentar la crisis econ\u00f3mica derivada de la pandemia de COVID-19. (Fuente: Reforma)<\/p>\n","protected":false},"excerpt":{"rendered":"<p>(Redacci\u00f3n) Los gobernadores de Chihuahua, Coahuila, Colima, Durango, Guanajuato, Jalisco, Michoac\u00e1n, Nuevo Le\u00f3n y Tamaulipas, adem\u00e1s de los nuevos integrantes que son San Luis Potos\u00ed, Quer\u00e9taro y Aguascalientes Ciudad de M\u00e9xico a 04 de julio de 2020.- Se debe insistir a la Federaci\u00f3n en renovar el pacto fiscal para que el nuevo Tratado entre M\u00e9xico, [&hellip;]<\/p>\n","protected":false},"author":1,"featured_media":162440,"comment_status":"open","ping_status":"open","sticky":false,"template":"","format":"standard","meta":{"footnotes":""},"categories":[8],"tags":[],"class_list":["post-162439","post","type-post","status-publish","format-standard","has-post-thumbnail","hentry","category-pais","entry","has-media"],"jetpack_featured_media_url":"http:\/\/vertienteglobal.com\/wp-content\/uploads\/2020\/07\/1109725.jpg","_links":{"self":[{"href":"http:\/\/vertienteglobal.com\/index.php?rest_route=\/wp\/v2\/posts\/162439","targetHints":{"allow":["GET"]}}],"collection":[{"href":"http:\/\/vertienteglobal.com\/index.php?rest_route=\/wp\/v2\/posts"}],"about":[{"href":"http:\/\/vertienteglobal.com\/index.php?rest_route=\/wp\/v2\/types\/post"}],"author":[{"embeddable":true,"href":"http:\/\/vertienteglobal.com\/index.php?rest_route=\/wp\/v2\/users\/1"}],"replies":[{"embeddable":true,"href":"http:\/\/vertienteglobal.com\/index.php?rest_route=%2Fwp%2Fv2%2Fcomments&post=162439"}],"version-history":[{"count":0,"href":"http:\/\/vertienteglobal.com\/index.php?rest_route=\/wp\/v2\/posts\/162439\/revisions"}],"wp:featuredmedia":[{"embeddable":true,"href":"http:\/\/vertienteglobal.com\/index.php?rest_route=\/wp\/v2\/media\/162440"}],"wp:attachment":[{"href":"http:\/\/vertienteglobal.com\/index.php?rest_route=%2Fwp%2Fv2%2Fmedia&parent=162439"}],"wp:term":[{"taxonomy":"category","embeddable":true,"href":"http:\/\/vertienteglobal.com\/index.php?rest_route=%2Fwp%2Fv2%2Fcategories&post=162439"},{"taxonomy":"post_tag","embeddable":true,"href":"http:\/\/vertienteglobal.com\/index.php?rest_route=%2Fwp%2Fv2%2Ftags&post=162439"}],"curies":[{"name":"wp","href":"https:\/\/api.w.org\/{rel}","templated":true}]}}