{"id":162405,"date":"2020-07-03T21:02:00","date_gmt":"2020-07-04T02:02:00","guid":{"rendered":"http:\/\/vertienteglobal.com\/?p=162405"},"modified":"2020-07-03T23:29:32","modified_gmt":"2020-07-04T04:29:32","slug":"hay-17-estados-en-naranja-en-semaforo-de-covid-19-15-permaneceran-en-rojo","status":"publish","type":"post","link":"http:\/\/vertienteglobal.com\/?p=162405","title":{"rendered":"Hay 17 estados en naranja en sem\u00e1foro de COVID-19; 15 permanecer\u00e1n en rojo"},"content":{"rendered":"\n<div class=\"twitterbutton\" style=\"float: right; padding-left: 5px;\"><a href=\"http:\/\/twitter.com\/share\" class=\"twitter-share-button\" data-count=\"horizontal\" data-text=\"Hay 17 estados en naranja en sem\u00e1foro de COVID-19; 15 permanecer\u00e1n en rojo\" data-via=\"https:\/\/twitter.com\/VertienteGloba1\" data-url=\"http:\/\/vertienteglobal.com\/?p=162405\" data-lang=\"es\" data-related=\"Informaci\u00f3n general:S\u00edguenos para que est\u00e9ss informado\"><\/a><\/div>\n<figure class=\"wp-block-image size-large\"><img loading=\"lazy\" decoding=\"async\" width=\"1024\" height=\"658\" src=\"http:\/\/vertienteglobal.com\/wp-content\/uploads\/2020\/07\/1109655.jpg\" alt=\"\" class=\"wp-image-162406\" srcset=\"http:\/\/vertienteglobal.com\/wp-content\/uploads\/2020\/07\/1109655.jpg 1024w, http:\/\/vertienteglobal.com\/wp-content\/uploads\/2020\/07\/1109655-300x193.jpg 300w, http:\/\/vertienteglobal.com\/wp-content\/uploads\/2020\/07\/1109655-150x96.jpg 150w, http:\/\/vertienteglobal.com\/wp-content\/uploads\/2020\/07\/1109655-768x494.jpg 768w\" sizes=\"auto, (max-width: 1024px) 100vw, 1024px\" \/><\/figure>\n\n\n\n<p>(Redacci\u00f3n)<\/p>\n\n\n\n<p>Cort\u00e9s Alcal\u00e1 inform\u00f3 que para la pr\u00f3xima semana 17 estados est\u00e1n en color naranja en el sem\u00e1foro de riesgo por COVID-19, mientras que los 15 restantes contin\u00faan en rojo<\/p>\n\n\n\n<p>Cuidad de M\u00e9xico a 03 de julio de 2020.- La Secretar\u00eda de Salud federal dio a conocer este viernes el Sem\u00e1foro de Riesgo que ser\u00e1 v\u00e1lido a partir de este lunes 6 de julio y hasta el domingo 12 de julio.<\/p>\n\n\n\n<p>En conferencia de prensa, el director de Promoci\u00f3n de la Salud, Ricardo Cort\u00e9s Alcal\u00e1 inform\u00f3 que para la pr\u00f3xima semana 17 estados est\u00e1n en color naranja en el sem\u00e1foro de riesgo por COVID-19, mientras que los 15 restantes contin\u00faan en rojo.<\/p>\n\n\n\n<p>\u00bfQu\u00e9 significan estar en color naranja o rojo y qu\u00e9 actividades est\u00e1n permitidas?<\/p>\n\n\n\n<p>Para los estados en sem\u00e1foro rojo, esto indica que hay un \u201criesgo m\u00e1ximo\u201d de contagios, por lo se encuentran cerrados los cines, teatros, museos y eventos culturales de hasta 500 localidades (aforo permitido).<\/p>\n\n\n\n<p>Tambi\u00e9n est\u00e1n cerrados los centros religiosos: iglesias, templos, sinagogas, mezquitas, etc.; as\u00ed como suspendidos los eventos masivos y centros recreativos, como parques de diversiones, balnearios y ferias; adem\u00e1s de parques, plazas y espacios p\u00fablicos.<\/p>\n\n\n\n<p>Los centros nocturnos, bares y salones de eventos tambi\u00e9n deber\u00e1n permanecer cerrados hasta que haya alguna indicaci\u00f3n por parte de las autoridades de salud.<\/p>\n\n\n\n<p>Los gimnasios, albercas, centros deportivos, spa y centros de masaje continuar\u00e1n cerrados.<\/p>\n\n\n\n<p>El servicio de peluquer\u00edas, est\u00e9ticas y barber\u00edas deber\u00e1 ser a domicilio.<\/p>\n\n\n\n<p>La ocupaci\u00f3n hotelera as\u00ed como el aforo permitido de restaurantes y cafeter\u00edas de los municipios en sem\u00e1foro rojo deber\u00e1 ser del 25 por ciento de su capacidad.<\/p>\n\n\n\n<p>Los mercados y supermercados podr\u00e1n operar al 50 por ciento de su capacidad, con el ingreso de 1 persona por familia.<\/p>\n\n\n\n<p>Para los estados en color naranja, con nivel de riesgo \u201calto\u201d, los cines, teatros, museos y eventos culturales de hasta 500 localidades (aforo permitido), as\u00ed como centros religiosos: iglesias, templos, sinagogas, mezquitas, etc., podr\u00e1n operar al 25 por ciento de su capacidad.<\/p>\n\n\n\n<p>Los eventos masivos y centros recreativos, como parques de diversiones, balnearios y ferias; adem\u00e1s centros nocturnos, bares y salones de eventos, se encuentran suspendidos.<\/p>\n\n\n\n<p>Hoteles, restaurantes, cafeter\u00edas, parques, plazas y espacios p\u00fablicos abiertos, as\u00ed como peluquer\u00edas, est\u00e9ticas, barber\u00edas, gimnasios, albercas, centros deportivos, spa y centros de masaje, podr\u00e1n operar al 50 por ciento de su aforo.<\/p>\n\n\n\n<p>En los mercados y supermercados podr\u00e1n operar al 75 por ciento de su aforo, con acceso de una persona por familia.<\/p>\n\n\n\n<p>Aqu\u00ed la lista de estados en color rojo y naranja:<\/p>\n\n\n\n<figure class=\"wp-block-image size-large\"><img loading=\"lazy\" decoding=\"async\" width=\"527\" height=\"363\" src=\"http:\/\/vertienteglobal.com\/wp-content\/uploads\/2020\/07\/sem\u00e1foro-03-vceracruz.jpg\" alt=\"\" class=\"wp-image-162408\" srcset=\"http:\/\/vertienteglobal.com\/wp-content\/uploads\/2020\/07\/sem\u00e1foro-03-vceracruz.jpg 527w, http:\/\/vertienteglobal.com\/wp-content\/uploads\/2020\/07\/sem\u00e1foro-03-vceracruz-300x207.jpg 300w, http:\/\/vertienteglobal.com\/wp-content\/uploads\/2020\/07\/sem\u00e1foro-03-vceracruz-150x103.jpg 150w\" sizes=\"auto, (max-width: 527px) 100vw, 527px\" \/><\/figure>\n","protected":false},"excerpt":{"rendered":"<p>(Redacci\u00f3n) Cort\u00e9s Alcal\u00e1 inform\u00f3 que para la pr\u00f3xima semana 17 estados est\u00e1n en color naranja en el sem\u00e1foro de riesgo por COVID-19, mientras que los 15 restantes contin\u00faan en rojo Cuidad de M\u00e9xico a 03 de julio de 2020.- La Secretar\u00eda de Salud federal dio a conocer este viernes el Sem\u00e1foro de Riesgo que ser\u00e1 [&hellip;]<\/p>\n","protected":false},"author":1,"featured_media":162406,"comment_status":"open","ping_status":"open","sticky":false,"template":"","format":"standard","meta":{"footnotes":""},"categories":[8],"tags":[],"class_list":["post-162405","post","type-post","status-publish","format-standard","has-post-thumbnail","hentry","category-pais","entry","has-media"],"jetpack_featured_media_url":"http:\/\/vertienteglobal.com\/wp-content\/uploads\/2020\/07\/1109655.jpg","_links":{"self":[{"href":"http:\/\/vertienteglobal.com\/index.php?rest_route=\/wp\/v2\/posts\/162405","targetHints":{"allow":["GET"]}}],"collection":[{"href":"http:\/\/vertienteglobal.com\/index.php?rest_route=\/wp\/v2\/posts"}],"about":[{"href":"http:\/\/vertienteglobal.com\/index.php?rest_route=\/wp\/v2\/types\/post"}],"author":[{"embeddable":true,"href":"http:\/\/vertienteglobal.com\/index.php?rest_route=\/wp\/v2\/users\/1"}],"replies":[{"embeddable":true,"href":"http:\/\/vertienteglobal.com\/index.php?rest_route=%2Fwp%2Fv2%2Fcomments&post=162405"}],"version-history":[{"count":0,"href":"http:\/\/vertienteglobal.com\/index.php?rest_route=\/wp\/v2\/posts\/162405\/revisions"}],"wp:featuredmedia":[{"embeddable":true,"href":"http:\/\/vertienteglobal.com\/index.php?rest_route=\/wp\/v2\/media\/162406"}],"wp:attachment":[{"href":"http:\/\/vertienteglobal.com\/index.php?rest_route=%2Fwp%2Fv2%2Fmedia&parent=162405"}],"wp:term":[{"taxonomy":"category","embeddable":true,"href":"http:\/\/vertienteglobal.com\/index.php?rest_route=%2Fwp%2Fv2%2Fcategories&post=162405"},{"taxonomy":"post_tag","embeddable":true,"href":"http:\/\/vertienteglobal.com\/index.php?rest_route=%2Fwp%2Fv2%2Ftags&post=162405"}],"curies":[{"name":"wp","href":"https:\/\/api.w.org\/{rel}","templated":true}]}}