{"id":162384,"date":"2020-07-03T09:48:00","date_gmt":"2020-07-03T14:48:00","guid":{"rendered":"http:\/\/vertienteglobal.com\/?p=162384"},"modified":"2020-07-03T21:51:14","modified_gmt":"2020-07-04T02:51:14","slug":"amlo-pedira-a-twitter-que-revele-a-sus-principales-clientes-que-usan-bots","status":"publish","type":"post","link":"http:\/\/vertienteglobal.com\/?p=162384","title":{"rendered":"AMLO pedir\u00e1 a Twitter que revele a sus principales clientes que usan bots"},"content":{"rendered":"\n<div class=\"twitterbutton\" style=\"float: right; padding-left: 5px;\"><a href=\"http:\/\/twitter.com\/share\" class=\"twitter-share-button\" data-count=\"horizontal\" data-text=\"AMLO pedir\u00e1 a Twitter que revele a sus principales clientes que usan bots\" data-via=\"https:\/\/twitter.com\/VertienteGloba1\" data-url=\"http:\/\/vertienteglobal.com\/?p=162384\" data-lang=\"es\" data-related=\"Informaci\u00f3n general:S\u00edguenos para que est\u00e9ss informado\"><\/a><\/div>\n<figure class=\"wp-block-image size-large\"><img loading=\"lazy\" decoding=\"async\" width=\"1024\" height=\"581\" src=\"http:\/\/vertienteglobal.com\/wp-content\/uploads\/2020\/07\/IMG_20200703_091056-1024x581.jpg\" alt=\"\" class=\"wp-image-162385\" srcset=\"http:\/\/vertienteglobal.com\/wp-content\/uploads\/2020\/07\/IMG_20200703_091056-1024x581.jpg 1024w, http:\/\/vertienteglobal.com\/wp-content\/uploads\/2020\/07\/IMG_20200703_091056-300x170.jpg 300w, http:\/\/vertienteglobal.com\/wp-content\/uploads\/2020\/07\/IMG_20200703_091056-150x85.jpg 150w, http:\/\/vertienteglobal.com\/wp-content\/uploads\/2020\/07\/IMG_20200703_091056-768x435.jpg 768w, http:\/\/vertienteglobal.com\/wp-content\/uploads\/2020\/07\/IMG_20200703_091056.jpg 1450w\" sizes=\"auto, (max-width: 1024px) 100vw, 1024px\" \/><\/figure>\n\n\n\n<p>(Redacci\u00f3n)<\/p>\n\n\n\n<p>L\u00f3pez Obrador dijo: \u00abque si van a venir lo del Twitter a informar a partir de la invitaci\u00f3n y quiero independientemente de que nos importa mucho el funcionamiento de la red que ellos manejan en Twitter y que no expliquen como operan los bots, que son personas ficticias, independiente de eso\u00bb<\/p>\n\n\n\n<p>Ciudad de M\u00e9xico a 03 de julio de 2020.- El presidente Andr\u00e9s Manuel L\u00f3pez Obrador dijo que solicitar\u00e1 al director de Twitter en M\u00e9xico informe sobre sus clientes, personas f\u00edsicas y morales, que usan servicios de cuentas falsas para atacar al gobierno.<\/p>\n\n\n\n<p>Y es que en su conferencia de prensa ma\u00f1anera, L\u00f3pez Obrador dijo: \u00abque si van a venir lo del Twitter a informar a partir de la invitaci\u00f3n y quiero independientemente de que nos importa mucho el funcionamiento de la red que ellos manejan en Twitter y que no expliquen como operan los bots, que son personas ficticias, independiente de eso\u00bb.<\/p>\n\n\n\n<p>En este sentido se\u00f1al\u00f3 que !ojala y ese d\u00eda no traigan, si pueden hacerlo, qui\u00e9nes son sus principales clientes en M\u00e9xico y cu\u00e1nto invierten en Twitter, que incluya a personas f\u00edsicas y morales, es decir, ciudadanos, empresarios, corporaciones, partidos pol\u00edticos para saber qui\u00e9n es qui\u00e9n en la compra de servicios de Twitter, una lista si pueden hacerlo porque c\u00f3mo en todo lo m\u00e1s eficaz es seguirle la pista la dinero; a ver qui\u00e9n aporta m\u00e1s\u00bb.<\/p>\n\n\n\n<p><\/p>\n","protected":false},"excerpt":{"rendered":"<p>(Redacci\u00f3n) L\u00f3pez Obrador dijo: \u00abque si van a venir lo del Twitter a informar a partir de la invitaci\u00f3n y quiero independientemente de que nos importa mucho el funcionamiento de la red que ellos manejan en Twitter y que no expliquen como operan los bots, que son personas ficticias, independiente de eso\u00bb Ciudad de M\u00e9xico [&hellip;]<\/p>\n","protected":false},"author":1,"featured_media":162385,"comment_status":"open","ping_status":"open","sticky":false,"template":"","format":"standard","meta":{"footnotes":""},"categories":[8],"tags":[],"class_list":["post-162384","post","type-post","status-publish","format-standard","has-post-thumbnail","hentry","category-pais","entry","has-media"],"jetpack_featured_media_url":"http:\/\/vertienteglobal.com\/wp-content\/uploads\/2020\/07\/IMG_20200703_091056.jpg","_links":{"self":[{"href":"http:\/\/vertienteglobal.com\/index.php?rest_route=\/wp\/v2\/posts\/162384","targetHints":{"allow":["GET"]}}],"collection":[{"href":"http:\/\/vertienteglobal.com\/index.php?rest_route=\/wp\/v2\/posts"}],"about":[{"href":"http:\/\/vertienteglobal.com\/index.php?rest_route=\/wp\/v2\/types\/post"}],"author":[{"embeddable":true,"href":"http:\/\/vertienteglobal.com\/index.php?rest_route=\/wp\/v2\/users\/1"}],"replies":[{"embeddable":true,"href":"http:\/\/vertienteglobal.com\/index.php?rest_route=%2Fwp%2Fv2%2Fcomments&post=162384"}],"version-history":[{"count":0,"href":"http:\/\/vertienteglobal.com\/index.php?rest_route=\/wp\/v2\/posts\/162384\/revisions"}],"wp:featuredmedia":[{"embeddable":true,"href":"http:\/\/vertienteglobal.com\/index.php?rest_route=\/wp\/v2\/media\/162385"}],"wp:attachment":[{"href":"http:\/\/vertienteglobal.com\/index.php?rest_route=%2Fwp%2Fv2%2Fmedia&parent=162384"}],"wp:term":[{"taxonomy":"category","embeddable":true,"href":"http:\/\/vertienteglobal.com\/index.php?rest_route=%2Fwp%2Fv2%2Fcategories&post=162384"},{"taxonomy":"post_tag","embeddable":true,"href":"http:\/\/vertienteglobal.com\/index.php?rest_route=%2Fwp%2Fv2%2Ftags&post=162384"}],"curies":[{"name":"wp","href":"https:\/\/api.w.org\/{rel}","templated":true}]}}