{"id":162304,"date":"2020-07-02T16:40:00","date_gmt":"2020-07-02T21:40:00","guid":{"rendered":"http:\/\/vertienteglobal.com\/?p=162304"},"modified":"2020-07-02T16:50:20","modified_gmt":"2020-07-02T21:50:20","slug":"el-diputado-federal-por-quintana-roo-renuncia-a-morena","status":"publish","type":"post","link":"http:\/\/vertienteglobal.com\/?p=162304","title":{"rendered":"El Diputado Federal por Quintana Roo renuncia a Morena"},"content":{"rendered":"\n<div class=\"twitterbutton\" style=\"float: right; padding-left: 5px;\"><a href=\"http:\/\/twitter.com\/share\" class=\"twitter-share-button\" data-count=\"horizontal\" data-text=\"El Diputado Federal por Quintana Roo renuncia a Morena\" data-via=\"https:\/\/twitter.com\/VertienteGloba1\" data-url=\"http:\/\/vertienteglobal.com\/?p=162304\" data-lang=\"es\" data-related=\"Informaci\u00f3n general:S\u00edguenos para que est\u00e9ss informado\"><\/a><\/div>\n<figure class=\"wp-block-image size-large\"><img loading=\"lazy\" decoding=\"async\" width=\"1024\" height=\"576\" src=\"http:\/\/vertienteglobal.com\/wp-content\/uploads\/2020\/07\/IMG_20200702_162507-1024x576.jpg\" alt=\"\" class=\"wp-image-162305\" srcset=\"http:\/\/vertienteglobal.com\/wp-content\/uploads\/2020\/07\/IMG_20200702_162507-1024x576.jpg 1024w, http:\/\/vertienteglobal.com\/wp-content\/uploads\/2020\/07\/IMG_20200702_162507-300x169.jpg 300w, http:\/\/vertienteglobal.com\/wp-content\/uploads\/2020\/07\/IMG_20200702_162507-150x84.jpg 150w, http:\/\/vertienteglobal.com\/wp-content\/uploads\/2020\/07\/IMG_20200702_162507-768x432.jpg 768w, http:\/\/vertienteglobal.com\/wp-content\/uploads\/2020\/07\/IMG_20200702_162507.jpg 1280w\" sizes=\"auto, (max-width: 1024px) 100vw, 1024px\" \/><\/figure>\n\n\n\n<p>(Redacci\u00f3n)<\/p>\n\n\n\n<p>La carta esta fechada el 1 de julio, pero fue entregada y sellada de recibido la tarde de este jueves<\/p>\n\n\n\n<p>Canc\u00fan, Quintana Roo a 02 de julio de 2020.- A dos a\u00f1os del triunfo de Morena en la presidencia, en Quintana Roo el partido del Presidente Andr\u00e9s Manuel L\u00f3pez Obrador no parece estar en su mejor momento, ya que este jueves, el legislador federal, Jes\u00fas Pool Moo anunci\u00f3 su renuncia a la 4t.<\/p>\n\n\n\n<p>Y es que a traves de una carta dirigida a la diputada Laura Ang\u00e9lica Rojas Hern\u00e1ndez, presidenta de la Mesa Directiva de la C\u00e1mara de Diputados, el legislador por Quintana Roo anunci\u00f3 su decisi\u00f3n de dejar de formar parte del Grupo Parlamentario de Morena a partir del 1 de julio.<\/p>\n\n\n\n<p>La carta esta fechada el 1 de julio, pero fue entregada y sellada de recibido la tarde de este jueves.<\/p>\n\n\n\n<p>Extraoficialmente se sabe que Jes\u00fas Pool Moo no es el \u00fanico de los cuatro diputados federales de Morena en Quintana Roo que dejar\u00eda el partido en pr\u00f3ximas fechas, por lo que este partido podr\u00eda quedarse con s\u00f3lo dos legisladores en los pr\u00f3ximos meses.<\/p>\n\n\n\n<p>El diputado federal Jes\u00fas Pool Moo no dio detalles sobre los motivos de su renuncia a Morena o sobre sus planes pol\u00edticos, ya que es sabido que tiene aspiraciones de buscar una candidatura para un cargo de gobierno en Quintana Roo.<\/p>\n\n\n\n<figure class=\"wp-block-image size-large\"><img loading=\"lazy\" decoding=\"async\" width=\"768\" height=\"1024\" src=\"http:\/\/vertienteglobal.com\/wp-content\/uploads\/2020\/07\/IMG_20200702_162459-768x1024.jpg\" alt=\"\" class=\"wp-image-162306\" srcset=\"http:\/\/vertienteglobal.com\/wp-content\/uploads\/2020\/07\/IMG_20200702_162459-768x1024.jpg 768w, http:\/\/vertienteglobal.com\/wp-content\/uploads\/2020\/07\/IMG_20200702_162459-225x300.jpg 225w, http:\/\/vertienteglobal.com\/wp-content\/uploads\/2020\/07\/IMG_20200702_162459-113x150.jpg 113w, http:\/\/vertienteglobal.com\/wp-content\/uploads\/2020\/07\/IMG_20200702_162459.jpg 835w\" sizes=\"auto, (max-width: 768px) 100vw, 768px\" \/><\/figure>\n","protected":false},"excerpt":{"rendered":"<p>(Redacci\u00f3n) La carta esta fechada el 1 de julio, pero fue entregada y sellada de recibido la tarde de este jueves Canc\u00fan, Quintana Roo a 02 de julio de 2020.- A dos a\u00f1os del triunfo de Morena en la presidencia, en Quintana Roo el partido del Presidente Andr\u00e9s Manuel L\u00f3pez Obrador no parece estar en [&hellip;]<\/p>\n","protected":false},"author":1,"featured_media":162305,"comment_status":"open","ping_status":"open","sticky":false,"template":"","format":"standard","meta":{"footnotes":""},"categories":[3],"tags":[],"class_list":["post-162304","post","type-post","status-publish","format-standard","has-post-thumbnail","hentry","category-quintana-roo","entry","has-media"],"jetpack_featured_media_url":"http:\/\/vertienteglobal.com\/wp-content\/uploads\/2020\/07\/IMG_20200702_162507.jpg","_links":{"self":[{"href":"http:\/\/vertienteglobal.com\/index.php?rest_route=\/wp\/v2\/posts\/162304","targetHints":{"allow":["GET"]}}],"collection":[{"href":"http:\/\/vertienteglobal.com\/index.php?rest_route=\/wp\/v2\/posts"}],"about":[{"href":"http:\/\/vertienteglobal.com\/index.php?rest_route=\/wp\/v2\/types\/post"}],"author":[{"embeddable":true,"href":"http:\/\/vertienteglobal.com\/index.php?rest_route=\/wp\/v2\/users\/1"}],"replies":[{"embeddable":true,"href":"http:\/\/vertienteglobal.com\/index.php?rest_route=%2Fwp%2Fv2%2Fcomments&post=162304"}],"version-history":[{"count":0,"href":"http:\/\/vertienteglobal.com\/index.php?rest_route=\/wp\/v2\/posts\/162304\/revisions"}],"wp:featuredmedia":[{"embeddable":true,"href":"http:\/\/vertienteglobal.com\/index.php?rest_route=\/wp\/v2\/media\/162305"}],"wp:attachment":[{"href":"http:\/\/vertienteglobal.com\/index.php?rest_route=%2Fwp%2Fv2%2Fmedia&parent=162304"}],"wp:term":[{"taxonomy":"category","embeddable":true,"href":"http:\/\/vertienteglobal.com\/index.php?rest_route=%2Fwp%2Fv2%2Fcategories&post=162304"},{"taxonomy":"post_tag","embeddable":true,"href":"http:\/\/vertienteglobal.com\/index.php?rest_route=%2Fwp%2Fv2%2Ftags&post=162304"}],"curies":[{"name":"wp","href":"https:\/\/api.w.org\/{rel}","templated":true}]}}