{"id":162249,"date":"2020-07-02T08:45:00","date_gmt":"2020-07-02T13:45:00","guid":{"rendered":"http:\/\/vertienteglobal.com\/?p=162249"},"modified":"2020-07-02T13:49:16","modified_gmt":"2020-07-02T18:49:16","slug":"amlo-pide-a-gobernadores-no-delegar-responsabilidades-y-asistir-a-reuniones-de-seguridad","status":"publish","type":"post","link":"http:\/\/vertienteglobal.com\/?p=162249","title":{"rendered":"AMLO pide a gobernadores no delegar responsabilidades y asistir a reuniones de seguridad"},"content":{"rendered":"\n<div class=\"twitterbutton\" style=\"float: right; padding-left: 5px;\"><a href=\"http:\/\/twitter.com\/share\" class=\"twitter-share-button\" data-count=\"horizontal\" data-text=\"AMLO pide a gobernadores no delegar responsabilidades y asistir a reuniones de s...\" data-via=\"https:\/\/twitter.com\/VertienteGloba1\" data-url=\"http:\/\/vertienteglobal.com\/?p=162249\" data-lang=\"es\" data-related=\"Informaci\u00f3n general:S\u00edguenos para que est\u00e9ss informado\"><\/a><\/div>\n<figure class=\"wp-block-image size-large\"><img loading=\"lazy\" decoding=\"async\" width=\"1024\" height=\"577\" src=\"http:\/\/vertienteglobal.com\/wp-content\/uploads\/2020\/07\/IMG_20200702_134809-1024x577.jpg\" alt=\"\" class=\"wp-image-162250\" srcset=\"http:\/\/vertienteglobal.com\/wp-content\/uploads\/2020\/07\/IMG_20200702_134809-1024x577.jpg 1024w, http:\/\/vertienteglobal.com\/wp-content\/uploads\/2020\/07\/IMG_20200702_134809-300x169.jpg 300w, http:\/\/vertienteglobal.com\/wp-content\/uploads\/2020\/07\/IMG_20200702_134809-150x84.jpg 150w, http:\/\/vertienteglobal.com\/wp-content\/uploads\/2020\/07\/IMG_20200702_134809-768x432.jpg 768w, http:\/\/vertienteglobal.com\/wp-content\/uploads\/2020\/07\/IMG_20200702_134809.jpg 1474w\" sizes=\"auto, (max-width: 1024px) 100vw, 1024px\" \/><\/figure>\n\n\n\n<p>(Redacci\u00f3n)<\/p>\n\n\n\n<p>Inform\u00f3 que la situaci\u00f3n de violencia que vive Guanajuato es \u00abmuy grave\u00bb e hizo un llamado a las autoridades estatales para que tomen cartas en el asunto<\/p>\n\n\n\n<p>Ciudad de M\u00e9xico a 02 de julio de 2020.- El presidente Andr\u00e9s Manuel L\u00f3pez Obrador llam\u00f3 a los gobernadores a no delegar la tarea de atender la seguridad, por lo que les recomend\u00f3 asistir a las reuniones de seguridad y a mantener un trabajo conjunto.<\/p>\n\n\n\n<p>En conferencia ma\u00f1anera dijo: \u00abHay gobernadores que as\u00ed como nosotros tenemos reuniones todos los d\u00edas, esto se replica en la mayor\u00eda de los estados y hay gobernadores que asisten, la mayor\u00eda. Entonces, yo recomiendo que gobernadores no deleguen esta responsabilidad y que vayan a las reuniones\u201d.<\/p>\n\n\n\n<p>Se\u00f1al\u00f3 que la situaci\u00f3n de violencia que vive Guanajuato es \u00abmuy grave\u00bb e hizo un llamado a las autoridades estatales para que tomen cartas en el asunto.<\/p>\n\n\n\n<p><\/p>\n","protected":false},"excerpt":{"rendered":"<p>(Redacci\u00f3n) Inform\u00f3 que la situaci\u00f3n de violencia que vive Guanajuato es \u00abmuy grave\u00bb e hizo un llamado a las autoridades estatales para que tomen cartas en el asunto Ciudad de M\u00e9xico a 02 de julio de 2020.- El presidente Andr\u00e9s Manuel L\u00f3pez Obrador llam\u00f3 a los gobernadores a no delegar la tarea de atender la [&hellip;]<\/p>\n","protected":false},"author":1,"featured_media":162250,"comment_status":"open","ping_status":"open","sticky":false,"template":"","format":"standard","meta":{"footnotes":""},"categories":[8],"tags":[],"class_list":["post-162249","post","type-post","status-publish","format-standard","has-post-thumbnail","hentry","category-pais","entry","has-media"],"jetpack_featured_media_url":"http:\/\/vertienteglobal.com\/wp-content\/uploads\/2020\/07\/IMG_20200702_134809.jpg","_links":{"self":[{"href":"http:\/\/vertienteglobal.com\/index.php?rest_route=\/wp\/v2\/posts\/162249","targetHints":{"allow":["GET"]}}],"collection":[{"href":"http:\/\/vertienteglobal.com\/index.php?rest_route=\/wp\/v2\/posts"}],"about":[{"href":"http:\/\/vertienteglobal.com\/index.php?rest_route=\/wp\/v2\/types\/post"}],"author":[{"embeddable":true,"href":"http:\/\/vertienteglobal.com\/index.php?rest_route=\/wp\/v2\/users\/1"}],"replies":[{"embeddable":true,"href":"http:\/\/vertienteglobal.com\/index.php?rest_route=%2Fwp%2Fv2%2Fcomments&post=162249"}],"version-history":[{"count":0,"href":"http:\/\/vertienteglobal.com\/index.php?rest_route=\/wp\/v2\/posts\/162249\/revisions"}],"wp:featuredmedia":[{"embeddable":true,"href":"http:\/\/vertienteglobal.com\/index.php?rest_route=\/wp\/v2\/media\/162250"}],"wp:attachment":[{"href":"http:\/\/vertienteglobal.com\/index.php?rest_route=%2Fwp%2Fv2%2Fmedia&parent=162249"}],"wp:term":[{"taxonomy":"category","embeddable":true,"href":"http:\/\/vertienteglobal.com\/index.php?rest_route=%2Fwp%2Fv2%2Fcategories&post=162249"},{"taxonomy":"post_tag","embeddable":true,"href":"http:\/\/vertienteglobal.com\/index.php?rest_route=%2Fwp%2Fv2%2Ftags&post=162249"}],"curies":[{"name":"wp","href":"https:\/\/api.w.org\/{rel}","templated":true}]}}