{"id":162028,"date":"2020-06-29T20:32:00","date_gmt":"2020-06-30T01:32:00","guid":{"rendered":"http:\/\/vertienteglobal.com\/?p=162028"},"modified":"2020-06-29T22:16:48","modified_gmt":"2020-06-30T03:16:48","slug":"al-no-haber-condiciones-para-actividades-presenciales-la-unam-anuncia-vacaciones","status":"publish","type":"post","link":"http:\/\/vertienteglobal.com\/?p=162028","title":{"rendered":"Al no haber condiciones para actividades presenciales, la UNAM anuncia vacaciones"},"content":{"rendered":"\n<div class=\"twitterbutton\" style=\"float: right; padding-left: 5px;\"><a href=\"http:\/\/twitter.com\/share\" class=\"twitter-share-button\" data-count=\"horizontal\" data-text=\"Al no haber condiciones para actividades presenciales, la UNAM anuncia vacacione...\" data-via=\"https:\/\/twitter.com\/VertienteGloba1\" data-url=\"http:\/\/vertienteglobal.com\/?p=162028\" data-lang=\"es\" data-related=\"Informaci\u00f3n general:S\u00edguenos para que est\u00e9ss informado\"><\/a><\/div>\n<figure class=\"wp-block-gallery columns-1 is-cropped wp-block-gallery-1 is-layout-flex wp-block-gallery-is-layout-flex\"><ul class=\"blocks-gallery-grid\"><li class=\"blocks-gallery-item\"><figure><img loading=\"lazy\" decoding=\"async\" width=\"1024\" height=\"683\" src=\"http:\/\/vertienteglobal.com\/wp-content\/uploads\/2020\/06\/1108906-1.jpg\" alt=\"\" data-id=\"162029\" data-full-url=\"http:\/\/vertienteglobal.com\/wp-content\/uploads\/2020\/06\/1108906-1.jpg\" data-link=\"http:\/\/vertienteglobal.com\/?attachment_id=162029\" class=\"wp-image-162029\" srcset=\"http:\/\/vertienteglobal.com\/wp-content\/uploads\/2020\/06\/1108906-1.jpg 1024w, http:\/\/vertienteglobal.com\/wp-content\/uploads\/2020\/06\/1108906-1-300x200.jpg 300w, http:\/\/vertienteglobal.com\/wp-content\/uploads\/2020\/06\/1108906-1-150x100.jpg 150w, http:\/\/vertienteglobal.com\/wp-content\/uploads\/2020\/06\/1108906-1-768x512.jpg 768w\" sizes=\"auto, (max-width: 1024px) 100vw, 1024px\" \/><\/figure><\/li><\/ul><\/figure>\n\n\n\n<p>(Redacci\u00f3n)<\/p>\n\n\n\n<p>El inicio del periodo vacacional a partir del 4 de julio y hasta el 26 del mismo mes<\/p>\n\n\n\n<p>Ciudad de M\u00e9xico a 29 de junio de 2020.- Luego de que la Comisi\u00f3n Universitaria para la Atenci\u00f3n del Coronavirus estim\u00f3 todav\u00eda no existen las condiciones sanitarias para retomar actividades academico-admministrativas presenciales en la Universidad Nacional Aut\u00f3noma de M\u00e9xico (UNAM), la m\u00e1xima casa de estudios en el pa\u00eds anunci\u00f3 el inicio del periodo vacacional a partir del 4 de julio y hasta el 26 del mismo mes.<\/p>\n\n\n\n<p>A trav\u00e9s de un bolet\u00edn publicado en redes sociales, la UNAM detalla que ante la proximidad del periodo vacacional de verano, la reanudaci\u00f3n presencial de clases en todos los niveles y dem\u00e1s actividades acad\u00e9mico-admnsitrativas se realizar\u00e1n una vez que existan las condiciones.<\/p>\n\n\n\n<p>Adem\u00e1s, la instituci\u00f3n educativa dio a conocer que se mantendr\u00e1 atenta a la situaci\u00f3n en el pa\u00eds durante el periodo vacacional y emitir\u00e1 informes peri\u00f3dicos a su comunidad sobre la posibilidad de un eventual retorno, moderado y gradual a las instalaciones universitarias.<\/p>\n","protected":false},"excerpt":{"rendered":"<p>(Redacci\u00f3n) El inicio del periodo vacacional a partir del 4 de julio y hasta el 26 del mismo mes Ciudad de M\u00e9xico a 29 de junio de 2020.- Luego de que la Comisi\u00f3n Universitaria para la Atenci\u00f3n del Coronavirus estim\u00f3 todav\u00eda no existen las condiciones sanitarias para retomar actividades academico-admministrativas presenciales en la Universidad Nacional [&hellip;]<\/p>\n","protected":false},"author":1,"featured_media":162029,"comment_status":"open","ping_status":"open","sticky":false,"template":"","format":"standard","meta":{"footnotes":""},"categories":[9,8],"tags":[],"class_list":["post-162028","post","type-post","status-publish","format-standard","has-post-thumbnail","hentry","category-educacion","category-pais","entry","has-media"],"jetpack_featured_media_url":"http:\/\/vertienteglobal.com\/wp-content\/uploads\/2020\/06\/1108906-1.jpg","_links":{"self":[{"href":"http:\/\/vertienteglobal.com\/index.php?rest_route=\/wp\/v2\/posts\/162028","targetHints":{"allow":["GET"]}}],"collection":[{"href":"http:\/\/vertienteglobal.com\/index.php?rest_route=\/wp\/v2\/posts"}],"about":[{"href":"http:\/\/vertienteglobal.com\/index.php?rest_route=\/wp\/v2\/types\/post"}],"author":[{"embeddable":true,"href":"http:\/\/vertienteglobal.com\/index.php?rest_route=\/wp\/v2\/users\/1"}],"replies":[{"embeddable":true,"href":"http:\/\/vertienteglobal.com\/index.php?rest_route=%2Fwp%2Fv2%2Fcomments&post=162028"}],"version-history":[{"count":0,"href":"http:\/\/vertienteglobal.com\/index.php?rest_route=\/wp\/v2\/posts\/162028\/revisions"}],"wp:featuredmedia":[{"embeddable":true,"href":"http:\/\/vertienteglobal.com\/index.php?rest_route=\/wp\/v2\/media\/162029"}],"wp:attachment":[{"href":"http:\/\/vertienteglobal.com\/index.php?rest_route=%2Fwp%2Fv2%2Fmedia&parent=162028"}],"wp:term":[{"taxonomy":"category","embeddable":true,"href":"http:\/\/vertienteglobal.com\/index.php?rest_route=%2Fwp%2Fv2%2Fcategories&post=162028"},{"taxonomy":"post_tag","embeddable":true,"href":"http:\/\/vertienteglobal.com\/index.php?rest_route=%2Fwp%2Fv2%2Ftags&post=162028"}],"curies":[{"name":"wp","href":"https:\/\/api.w.org\/{rel}","templated":true}]}}