{"id":161968,"date":"2020-06-28T21:48:00","date_gmt":"2020-06-29T02:48:00","guid":{"rendered":"http:\/\/vertienteglobal.com\/?p=161968"},"modified":"2020-06-28T23:33:43","modified_gmt":"2020-06-29T04:33:43","slug":"comision-permanente-aprueba-periodo-extraordinario-ante-entrada-en-vigor-del-t-mec","status":"publish","type":"post","link":"http:\/\/vertienteglobal.com\/?p=161968","title":{"rendered":"Comisi\u00f3n Permanente aprueba periodo extraordinario ante entrada en vigor del T-MEC"},"content":{"rendered":"\n<div class=\"twitterbutton\" style=\"float: right; padding-left: 5px;\"><a href=\"http:\/\/twitter.com\/share\" class=\"twitter-share-button\" data-count=\"horizontal\" data-text=\"Comisi\u00f3n Permanente aprueba periodo extraordinario ante entrada en vigor del T-...\" data-via=\"https:\/\/twitter.com\/VertienteGloba1\" data-url=\"http:\/\/vertienteglobal.com\/?p=161968\" data-lang=\"es\" data-related=\"Informaci\u00f3n general:S\u00edguenos para que est\u00e9ss informado\"><\/a><\/div>\n<figure class=\"wp-block-gallery columns-1 is-cropped wp-block-gallery-1 is-layout-flex wp-block-gallery-is-layout-flex\"><ul class=\"blocks-gallery-grid\"><li class=\"blocks-gallery-item\"><figure><img loading=\"lazy\" decoding=\"async\" width=\"1024\" height=\"683\" src=\"http:\/\/vertienteglobal.com\/wp-content\/uploads\/2020\/06\/110273.jpg\" alt=\"\" data-id=\"161969\" data-full-url=\"http:\/\/vertienteglobal.com\/wp-content\/uploads\/2020\/06\/110273.jpg\" data-link=\"http:\/\/vertienteglobal.com\/?attachment_id=161969\" class=\"wp-image-161969\" srcset=\"http:\/\/vertienteglobal.com\/wp-content\/uploads\/2020\/06\/110273.jpg 1024w, http:\/\/vertienteglobal.com\/wp-content\/uploads\/2020\/06\/110273-300x200.jpg 300w, http:\/\/vertienteglobal.com\/wp-content\/uploads\/2020\/06\/110273-150x100.jpg 150w, http:\/\/vertienteglobal.com\/wp-content\/uploads\/2020\/06\/110273-768x512.jpg 768w\" sizes=\"auto, (max-width: 1024px) 100vw, 1024px\" \/><\/figure><\/li><\/ul><\/figure>\n\n\n\n<p>(Redacci\u00f3n)<\/p>\n\n\n\n<p>Ciudad de Mexico a 28 de junio de 2020.- La Comisi\u00f3n Permanente del Congreso de la Uni\u00f3n aprob\u00f3 un periodo extraordinario de sesiones para junto con el Senado de la Rep\u00fablica abordar la entrada en vigor del T-MEC.<\/p>\n\n\n\n<p>Y es que con 32 votos a favor y 5 en contra, el periodo extraordinario se realizar\u00e1 este 29 y 30 de junio, durante el segundo receso del segundo a\u00f1o del ejercicio de la 64 Legislatura.<\/p>\n\n\n\n<p>Durante este domingo se discuti\u00f3 el proyecto para convocar a la C\u00e1mara de Diputados al periodo extraordinario de sesiones iniciar\u00e1 el mediod\u00eda para este 29 y 30 de junio.<\/p>\n","protected":false},"excerpt":{"rendered":"<p>(Redacci\u00f3n) Ciudad de Mexico a 28 de junio de 2020.- La Comisi\u00f3n Permanente del Congreso de la Uni\u00f3n aprob\u00f3 un periodo extraordinario de sesiones para junto con el Senado de la Rep\u00fablica abordar la entrada en vigor del T-MEC. Y es que con 32 votos a favor y 5 en contra, el periodo extraordinario se [&hellip;]<\/p>\n","protected":false},"author":1,"featured_media":161969,"comment_status":"open","ping_status":"open","sticky":false,"template":"","format":"standard","meta":{"footnotes":""},"categories":[8],"tags":[],"class_list":["post-161968","post","type-post","status-publish","format-standard","has-post-thumbnail","hentry","category-pais","entry","has-media"],"jetpack_featured_media_url":"http:\/\/vertienteglobal.com\/wp-content\/uploads\/2020\/06\/110273.jpg","_links":{"self":[{"href":"http:\/\/vertienteglobal.com\/index.php?rest_route=\/wp\/v2\/posts\/161968","targetHints":{"allow":["GET"]}}],"collection":[{"href":"http:\/\/vertienteglobal.com\/index.php?rest_route=\/wp\/v2\/posts"}],"about":[{"href":"http:\/\/vertienteglobal.com\/index.php?rest_route=\/wp\/v2\/types\/post"}],"author":[{"embeddable":true,"href":"http:\/\/vertienteglobal.com\/index.php?rest_route=\/wp\/v2\/users\/1"}],"replies":[{"embeddable":true,"href":"http:\/\/vertienteglobal.com\/index.php?rest_route=%2Fwp%2Fv2%2Fcomments&post=161968"}],"version-history":[{"count":0,"href":"http:\/\/vertienteglobal.com\/index.php?rest_route=\/wp\/v2\/posts\/161968\/revisions"}],"wp:featuredmedia":[{"embeddable":true,"href":"http:\/\/vertienteglobal.com\/index.php?rest_route=\/wp\/v2\/media\/161969"}],"wp:attachment":[{"href":"http:\/\/vertienteglobal.com\/index.php?rest_route=%2Fwp%2Fv2%2Fmedia&parent=161968"}],"wp:term":[{"taxonomy":"category","embeddable":true,"href":"http:\/\/vertienteglobal.com\/index.php?rest_route=%2Fwp%2Fv2%2Fcategories&post=161968"},{"taxonomy":"post_tag","embeddable":true,"href":"http:\/\/vertienteglobal.com\/index.php?rest_route=%2Fwp%2Fv2%2Ftags&post=161968"}],"curies":[{"name":"wp","href":"https:\/\/api.w.org\/{rel}","templated":true}]}}