{"id":161945,"date":"2020-06-28T19:21:00","date_gmt":"2020-06-29T00:21:00","guid":{"rendered":"http:\/\/vertienteglobal.com\/?p=161945"},"modified":"2020-06-28T23:18:14","modified_gmt":"2020-06-29T04:18:14","slug":"suman-26648-muertes-por-covid-19-en-mexico-se-acumulan-216852-casos-confirmados","status":"publish","type":"post","link":"http:\/\/vertienteglobal.com\/?p=161945","title":{"rendered":"Suman 26,648 muertes por COVID-19 en M\u00e9xico; se acumulan 216,852 casos confirmados"},"content":{"rendered":"\n<div class=\"twitterbutton\" style=\"float: right; padding-left: 5px;\"><a href=\"http:\/\/twitter.com\/share\" class=\"twitter-share-button\" data-count=\"horizontal\" data-text=\"Suman 26,648 muertes por COVID-19 en M\u00e9xico; se acumulan 216,852 casos confirma...\" data-via=\"https:\/\/twitter.com\/VertienteGloba1\" data-url=\"http:\/\/vertienteglobal.com\/?p=161945\" data-lang=\"es\" data-related=\"Informaci\u00f3n general:S\u00edguenos para que est\u00e9ss informado\"><\/a><\/div>\n<figure class=\"wp-block-gallery columns-1 is-cropped wp-block-gallery-1 is-layout-flex wp-block-gallery-is-layout-flex\"><ul class=\"blocks-gallery-grid\"><li class=\"blocks-gallery-item\"><figure><img loading=\"lazy\" decoding=\"async\" width=\"1024\" height=\"651\" src=\"http:\/\/vertienteglobal.com\/wp-content\/uploads\/2020\/06\/1108729.jpg\" alt=\"\" data-id=\"161946\" data-full-url=\"http:\/\/vertienteglobal.com\/wp-content\/uploads\/2020\/06\/1108729.jpg\" data-link=\"http:\/\/vertienteglobal.com\/?attachment_id=161946\" class=\"wp-image-161946\" srcset=\"http:\/\/vertienteglobal.com\/wp-content\/uploads\/2020\/06\/1108729.jpg 1024w, http:\/\/vertienteglobal.com\/wp-content\/uploads\/2020\/06\/1108729-300x191.jpg 300w, http:\/\/vertienteglobal.com\/wp-content\/uploads\/2020\/06\/1108729-150x95.jpg 150w, http:\/\/vertienteglobal.com\/wp-content\/uploads\/2020\/06\/1108729-768x488.jpg 768w\" sizes=\"auto, (max-width: 1024px) 100vw, 1024px\" \/><\/figure><\/li><\/ul><\/figure>\n\n\n\n<p>(Redacci\u00f3n)<\/p>\n\n\n\n<p>Los casos considerados activos, debido a que comenzaron con s\u00edntomas en los \u00faltimos 14 d\u00edas son 25 mil 558<\/p>\n\n\n\n<p>Ciudad de M\u00e9xico a 28 de junio de 2020.- La Secretar\u00eda de Salud federal report\u00f3 este domingo que ya suman 26 mil 648 muertes por COVID-19 desde el inicio de la epidemia en M\u00e9xico.<\/p>\n\n\n\n<p>De acuerdo con el reporte presentado por el subsecretario de Prevenci\u00f3n y Promoci\u00f3n de la Salud, Hugo L\u00f3pez-Gatell, hasta este domingo, se acumulan 216 mil 852 casos confirmados de coronavirus en el pa\u00eds.<\/p>\n\n\n\n<p>Los casos considerados activos, debido a que comenzaron con s\u00edntomas en los \u00faltimos 14 d\u00edas son 25 mil 558.<\/p>\n\n\n\n<p>Asimismo, el funcionario dio a conocer que que la cifra de casos sospechosos es de 64 mil 143.<\/p>\n\n\n\n<p>Cabe se\u00f1alar que en el pa\u00eds han sido estudiadas 556 mil 198 personas, resultando negativos a la prueba de coronavirus 275 mil 203.<\/p>\n\n\n\n<figure class=\"wp-block-gallery columns-1 is-cropped wp-block-gallery-2 is-layout-flex wp-block-gallery-is-layout-flex\"><ul class=\"blocks-gallery-grid\"><li class=\"blocks-gallery-item\"><figure><img loading=\"lazy\" decoding=\"async\" width=\"606\" height=\"404\" src=\"http:\/\/vertienteglobal.com\/wp-content\/uploads\/2020\/06\/datos-covid-federal-2806.jpg\" alt=\"\" data-id=\"161947\" data-full-url=\"http:\/\/vertienteglobal.com\/wp-content\/uploads\/2020\/06\/datos-covid-federal-2806.jpg\" data-link=\"http:\/\/vertienteglobal.com\/?attachment_id=161947\" class=\"wp-image-161947\" srcset=\"http:\/\/vertienteglobal.com\/wp-content\/uploads\/2020\/06\/datos-covid-federal-2806.jpg 606w, http:\/\/vertienteglobal.com\/wp-content\/uploads\/2020\/06\/datos-covid-federal-2806-300x200.jpg 300w, http:\/\/vertienteglobal.com\/wp-content\/uploads\/2020\/06\/datos-covid-federal-2806-150x100.jpg 150w\" sizes=\"auto, (max-width: 606px) 100vw, 606px\" \/><\/figure><\/li><\/ul><\/figure>\n","protected":false},"excerpt":{"rendered":"<p>(Redacci\u00f3n) Los casos considerados activos, debido a que comenzaron con s\u00edntomas en los \u00faltimos 14 d\u00edas son 25 mil 558 Ciudad de M\u00e9xico a 28 de junio de 2020.- La Secretar\u00eda de Salud federal report\u00f3 este domingo que ya suman 26 mil 648 muertes por COVID-19 desde el inicio de la epidemia en M\u00e9xico. De [&hellip;]<\/p>\n","protected":false},"author":1,"featured_media":161946,"comment_status":"open","ping_status":"open","sticky":false,"template":"","format":"standard","meta":{"footnotes":""},"categories":[8],"tags":[],"class_list":["post-161945","post","type-post","status-publish","format-standard","has-post-thumbnail","hentry","category-pais","entry","has-media"],"jetpack_featured_media_url":"http:\/\/vertienteglobal.com\/wp-content\/uploads\/2020\/06\/1108729.jpg","_links":{"self":[{"href":"http:\/\/vertienteglobal.com\/index.php?rest_route=\/wp\/v2\/posts\/161945","targetHints":{"allow":["GET"]}}],"collection":[{"href":"http:\/\/vertienteglobal.com\/index.php?rest_route=\/wp\/v2\/posts"}],"about":[{"href":"http:\/\/vertienteglobal.com\/index.php?rest_route=\/wp\/v2\/types\/post"}],"author":[{"embeddable":true,"href":"http:\/\/vertienteglobal.com\/index.php?rest_route=\/wp\/v2\/users\/1"}],"replies":[{"embeddable":true,"href":"http:\/\/vertienteglobal.com\/index.php?rest_route=%2Fwp%2Fv2%2Fcomments&post=161945"}],"version-history":[{"count":0,"href":"http:\/\/vertienteglobal.com\/index.php?rest_route=\/wp\/v2\/posts\/161945\/revisions"}],"wp:featuredmedia":[{"embeddable":true,"href":"http:\/\/vertienteglobal.com\/index.php?rest_route=\/wp\/v2\/media\/161946"}],"wp:attachment":[{"href":"http:\/\/vertienteglobal.com\/index.php?rest_route=%2Fwp%2Fv2%2Fmedia&parent=161945"}],"wp:term":[{"taxonomy":"category","embeddable":true,"href":"http:\/\/vertienteglobal.com\/index.php?rest_route=%2Fwp%2Fv2%2Fcategories&post=161945"},{"taxonomy":"post_tag","embeddable":true,"href":"http:\/\/vertienteglobal.com\/index.php?rest_route=%2Fwp%2Fv2%2Ftags&post=161945"}],"curies":[{"name":"wp","href":"https:\/\/api.w.org\/{rel}","templated":true}]}}