{"id":161922,"date":"2020-06-28T10:19:00","date_gmt":"2020-06-28T15:19:00","guid":{"rendered":"http:\/\/vertienteglobal.com\/?p=161922"},"modified":"2020-06-28T10:13:37","modified_gmt":"2020-06-28T15:13:37","slug":"preven-que-el-1-de-julio-ya-esten-abiertos-el-98-de-los-hoteles-de-veracruz","status":"publish","type":"post","link":"http:\/\/vertienteglobal.com\/?p=161922","title":{"rendered":"Prev\u00e9n que el 1 de julio ya est\u00e9n abiertos el 98% de los hoteles de Veracruz"},"content":{"rendered":"\n<div class=\"twitterbutton\" style=\"float: right; padding-left: 5px;\"><a href=\"http:\/\/twitter.com\/share\" class=\"twitter-share-button\" data-count=\"horizontal\" data-text=\"Prev\u00e9n que el 1 de julio ya est\u00e9n abiertos el 98% de los hoteles de Veracruz\" data-via=\"https:\/\/twitter.com\/VertienteGloba1\" data-url=\"http:\/\/vertienteglobal.com\/?p=161922\" data-lang=\"es\" data-related=\"Informaci\u00f3n general:S\u00edguenos para que est\u00e9ss informado\"><\/a><\/div>\n<figure class=\"wp-block-gallery columns-1 is-cropped wp-block-gallery-1 is-layout-flex wp-block-gallery-is-layout-flex\"><ul class=\"blocks-gallery-grid\"><li class=\"blocks-gallery-item\"><figure><img loading=\"lazy\" decoding=\"async\" width=\"1024\" height=\"682\" src=\"http:\/\/vertienteglobal.com\/wp-content\/uploads\/2020\/06\/1108569.jpg\" alt=\"\" data-id=\"161923\" data-full-url=\"http:\/\/vertienteglobal.com\/wp-content\/uploads\/2020\/06\/1108569.jpg\" data-link=\"http:\/\/vertienteglobal.com\/?attachment_id=161923\" class=\"wp-image-161923\" srcset=\"http:\/\/vertienteglobal.com\/wp-content\/uploads\/2020\/06\/1108569.jpg 1024w, http:\/\/vertienteglobal.com\/wp-content\/uploads\/2020\/06\/1108569-300x200.jpg 300w, http:\/\/vertienteglobal.com\/wp-content\/uploads\/2020\/06\/1108569-150x100.jpg 150w, http:\/\/vertienteglobal.com\/wp-content\/uploads\/2020\/06\/1108569-768x512.jpg 768w\" sizes=\"auto, (max-width: 1024px) 100vw, 1024px\" \/><\/figure><\/li><\/ul><\/figure>\n\n\n\n<p>(Redacci\u00f3n)<\/p>\n\n\n\n<p>Inform\u00f3 que el 1 de julio reabren tres hoteles m\u00e1s y van a quedar solo dos cerrados, los cuales no tienen fecha de reapertura<\/p>\n\n\n\n<p>Veracruz, Veracruz a 28 de junio de 2020.- El presidente de la Asociaci\u00f3n de Hoteles y Moteles de Veracruz, Santiago Caram\u00e9s Chaparro, dijo que el 1 de julio esperan tener alrededor del 98% de los hoteles abiertos, luego de la contingencia por el coronavirus.<\/p>\n\n\n\n<p>Inform\u00f3 que el 1 de julio reabren tres hoteles m\u00e1s y van a quedar solo dos cerrados, los cuales no tienen fecha de reapertura.<\/p>\n\n\n\n<p>Agreg\u00f3 que los hoteles que no tienen fecha para reabrir son de reci\u00e9n apertura, cuando empez\u00f3 la contingencia ten\u00edan 15 d\u00edas de haber abierto o inclusive apenas iba a abrir, por lo que no ten\u00edan una plantilla fija y para ellos es m\u00e1s f\u00e1cil mantenerse cerrados por ahora. (Fuente: Xeu)<\/p>\n","protected":false},"excerpt":{"rendered":"<p>(Redacci\u00f3n) Inform\u00f3 que el 1 de julio reabren tres hoteles m\u00e1s y van a quedar solo dos cerrados, los cuales no tienen fecha de reapertura Veracruz, Veracruz a 28 de junio de 2020.- El presidente de la Asociaci\u00f3n de Hoteles y Moteles de Veracruz, Santiago Caram\u00e9s Chaparro, dijo que el 1 de julio esperan tener [&hellip;]<\/p>\n","protected":false},"author":1,"featured_media":161923,"comment_status":"open","ping_status":"open","sticky":false,"template":"","format":"standard","meta":{"footnotes":""},"categories":[7],"tags":[],"class_list":["post-161922","post","type-post","status-publish","format-standard","has-post-thumbnail","hentry","category-veracruz","entry","has-media"],"jetpack_featured_media_url":"http:\/\/vertienteglobal.com\/wp-content\/uploads\/2020\/06\/1108569.jpg","_links":{"self":[{"href":"http:\/\/vertienteglobal.com\/index.php?rest_route=\/wp\/v2\/posts\/161922","targetHints":{"allow":["GET"]}}],"collection":[{"href":"http:\/\/vertienteglobal.com\/index.php?rest_route=\/wp\/v2\/posts"}],"about":[{"href":"http:\/\/vertienteglobal.com\/index.php?rest_route=\/wp\/v2\/types\/post"}],"author":[{"embeddable":true,"href":"http:\/\/vertienteglobal.com\/index.php?rest_route=\/wp\/v2\/users\/1"}],"replies":[{"embeddable":true,"href":"http:\/\/vertienteglobal.com\/index.php?rest_route=%2Fwp%2Fv2%2Fcomments&post=161922"}],"version-history":[{"count":0,"href":"http:\/\/vertienteglobal.com\/index.php?rest_route=\/wp\/v2\/posts\/161922\/revisions"}],"wp:featuredmedia":[{"embeddable":true,"href":"http:\/\/vertienteglobal.com\/index.php?rest_route=\/wp\/v2\/media\/161923"}],"wp:attachment":[{"href":"http:\/\/vertienteglobal.com\/index.php?rest_route=%2Fwp%2Fv2%2Fmedia&parent=161922"}],"wp:term":[{"taxonomy":"category","embeddable":true,"href":"http:\/\/vertienteglobal.com\/index.php?rest_route=%2Fwp%2Fv2%2Fcategories&post=161922"},{"taxonomy":"post_tag","embeddable":true,"href":"http:\/\/vertienteglobal.com\/index.php?rest_route=%2Fwp%2Fv2%2Ftags&post=161922"}],"curies":[{"name":"wp","href":"https:\/\/api.w.org\/{rel}","templated":true}]}}