{"id":161779,"date":"2020-06-26T10:50:00","date_gmt":"2020-06-26T15:50:00","guid":{"rendered":"http:\/\/vertienteglobal.com\/?p=161779"},"modified":"2020-06-26T13:22:02","modified_gmt":"2020-06-26T18:22:02","slug":"amlo-expresa-su-solidaridad-a-claudia-sheinbaum-tras-atentado-contra-omar-garcia-harfuch","status":"publish","type":"post","link":"http:\/\/vertienteglobal.com\/?p=161779","title":{"rendered":"AMLO expresa su solidaridad a Claudia Sheinbaum tras atentado contra Omar Garc\u00eda Harfuch"},"content":{"rendered":"\n<div class=\"twitterbutton\" style=\"float: right; padding-left: 5px;\"><a href=\"http:\/\/twitter.com\/share\" class=\"twitter-share-button\" data-count=\"horizontal\" data-text=\"AMLO expresa su solidaridad a Claudia Sheinbaum tras atentado contra Omar Garc\u00ed...\" data-via=\"https:\/\/twitter.com\/VertienteGloba1\" data-url=\"http:\/\/vertienteglobal.com\/?p=161779\" data-lang=\"es\" data-related=\"Informaci\u00f3n general:S\u00edguenos para que est\u00e9ss informado\"><\/a><\/div>\n<figure class=\"wp-block-gallery columns-1 is-cropped wp-block-gallery-1 is-layout-flex wp-block-gallery-is-layout-flex\"><ul class=\"blocks-gallery-grid\"><li class=\"blocks-gallery-item\"><figure><img loading=\"lazy\" decoding=\"async\" width=\"1024\" height=\"581\" src=\"http:\/\/vertienteglobal.com\/wp-content\/uploads\/2020\/06\/IMG_20200626_131210-1024x581.jpg\" alt=\"\" data-id=\"161780\" data-full-url=\"http:\/\/vertienteglobal.com\/wp-content\/uploads\/2020\/06\/IMG_20200626_131210.jpg\" data-link=\"http:\/\/vertienteglobal.com\/?attachment_id=161780\" class=\"wp-image-161780\" srcset=\"http:\/\/vertienteglobal.com\/wp-content\/uploads\/2020\/06\/IMG_20200626_131210-1024x581.jpg 1024w, http:\/\/vertienteglobal.com\/wp-content\/uploads\/2020\/06\/IMG_20200626_131210-300x170.jpg 300w, http:\/\/vertienteglobal.com\/wp-content\/uploads\/2020\/06\/IMG_20200626_131210-150x85.jpg 150w, http:\/\/vertienteglobal.com\/wp-content\/uploads\/2020\/06\/IMG_20200626_131210-768x436.jpg 768w, http:\/\/vertienteglobal.com\/wp-content\/uploads\/2020\/06\/IMG_20200626_131210-1536x872.jpg 1536w, http:\/\/vertienteglobal.com\/wp-content\/uploads\/2020\/06\/IMG_20200626_131210.jpg 1730w\" sizes=\"auto, (max-width: 1024px) 100vw, 1024px\" \/><\/figure><\/li><\/ul><\/figure>\n\n\n\n<p>(Redacci\u00f3n)<\/p>\n\n\n\n<p>L\u00f3pez Obrador confirm\u00f3 el deceso de personas durante el atentado y sostuvo que lo ocurrido se debe a que se est\u00e1 trabajando para regresar la paz y la tranquilidad en la Ciudad de M\u00e9xico<\/p>\n\n\n\n<p>Morelia, Michoac\u00e1n a 26 de junio de 2020.- El presidente Andr\u00e9s Manuel L\u00f3pez Obrador expres\u00f3 su solidaridad a la jefa de gobierno Claudia Sheinbaum Pardo, por el atentado que sufri\u00f3 Omar Garc\u00eda Harfuch, secretario de Seguridad Ciudadana de la Ciudad de M\u00e9xico la ma\u00f1ana de este viernes.<\/p>\n\n\n\n<p>Y es que durante su conferencia de prensa matutina desde Morelia, Michoac\u00e1n, L\u00f3pez Obrador confirm\u00f3 el deceso de personas durante el atentado y sostuvo que lo ocurrido se debe a que se est\u00e1 trabajando para regresar la paz y la tranquilidad en la Ciudad de M\u00e9xico.<\/p>\n\n\n\n<p>Agreg\u00f3: &#8216;Un atentado al secretario de seguridad p\u00fablica de la Ciudad de M\u00e9xico, ya inform\u00f3 de manera preliminar la jefa de Gobierno, Claudia Sheinbaum. Vamos a tener tambi\u00e9n informaci\u00f3n nosotros\u2026 desde luego expresamos nuestra solidaridad, nuestro apoyo total completo, absoluto a la jefa de Gobierno, a los integrantes de Seguridad Publica, est\u00e1 herido, pero s\u00ed hay fallecidos en este atentado. Todo esto pues tiene que ver sin duda con el trabajo que se est\u00e1 llevando a cabo para regresar La Paz y tranquilidad en Ciudad de M\u00e9xico\u2019.<\/p>\n","protected":false},"excerpt":{"rendered":"<p>(Redacci\u00f3n) L\u00f3pez Obrador confirm\u00f3 el deceso de personas durante el atentado y sostuvo que lo ocurrido se debe a que se est\u00e1 trabajando para regresar la paz y la tranquilidad en la Ciudad de M\u00e9xico Morelia, Michoac\u00e1n a 26 de junio de 2020.- El presidente Andr\u00e9s Manuel L\u00f3pez Obrador expres\u00f3 su solidaridad a la jefa [&hellip;]<\/p>\n","protected":false},"author":1,"featured_media":161780,"comment_status":"open","ping_status":"open","sticky":false,"template":"","format":"standard","meta":{"footnotes":""},"categories":[8],"tags":[],"class_list":["post-161779","post","type-post","status-publish","format-standard","has-post-thumbnail","hentry","category-pais","entry","has-media"],"jetpack_featured_media_url":"http:\/\/vertienteglobal.com\/wp-content\/uploads\/2020\/06\/IMG_20200626_131210.jpg","_links":{"self":[{"href":"http:\/\/vertienteglobal.com\/index.php?rest_route=\/wp\/v2\/posts\/161779","targetHints":{"allow":["GET"]}}],"collection":[{"href":"http:\/\/vertienteglobal.com\/index.php?rest_route=\/wp\/v2\/posts"}],"about":[{"href":"http:\/\/vertienteglobal.com\/index.php?rest_route=\/wp\/v2\/types\/post"}],"author":[{"embeddable":true,"href":"http:\/\/vertienteglobal.com\/index.php?rest_route=\/wp\/v2\/users\/1"}],"replies":[{"embeddable":true,"href":"http:\/\/vertienteglobal.com\/index.php?rest_route=%2Fwp%2Fv2%2Fcomments&post=161779"}],"version-history":[{"count":0,"href":"http:\/\/vertienteglobal.com\/index.php?rest_route=\/wp\/v2\/posts\/161779\/revisions"}],"wp:featuredmedia":[{"embeddable":true,"href":"http:\/\/vertienteglobal.com\/index.php?rest_route=\/wp\/v2\/media\/161780"}],"wp:attachment":[{"href":"http:\/\/vertienteglobal.com\/index.php?rest_route=%2Fwp%2Fv2%2Fmedia&parent=161779"}],"wp:term":[{"taxonomy":"category","embeddable":true,"href":"http:\/\/vertienteglobal.com\/index.php?rest_route=%2Fwp%2Fv2%2Fcategories&post=161779"},{"taxonomy":"post_tag","embeddable":true,"href":"http:\/\/vertienteglobal.com\/index.php?rest_route=%2Fwp%2Fv2%2Ftags&post=161779"}],"curies":[{"name":"wp","href":"https:\/\/api.w.org\/{rel}","templated":true}]}}