{"id":161627,"date":"2020-06-24T20:10:41","date_gmt":"2020-06-25T01:10:41","guid":{"rendered":"http:\/\/vertienteglobal.com\/?p=161627"},"modified":"2020-06-25T01:00:07","modified_gmt":"2020-06-25T06:00:07","slug":"carlos-joaquin-anuncio-el-levantamiento-de-danos-en-la-zona-agricola-de-las-comunidades-afectadas-por-las-inundaciones","status":"publish","type":"post","link":"http:\/\/vertienteglobal.com\/?p=161627","title":{"rendered":"Carlos Joaqu\u00edn anunci\u00f3 el levantamiento de da\u00f1os en la zona agr\u00edcola de las comunidades afectadas por las inundaciones"},"content":{"rendered":"\n<div class=\"twitterbutton\" style=\"float: right; padding-left: 5px;\"><a href=\"http:\/\/twitter.com\/share\" class=\"twitter-share-button\" data-count=\"horizontal\" data-text=\"Carlos Joaqu\u00edn anunci\u00f3 el levantamiento de da\u00f1os en la zona agr\u00edcola de las ...\" data-via=\"https:\/\/twitter.com\/VertienteGloba1\" data-url=\"http:\/\/vertienteglobal.com\/?p=161627\" data-lang=\"es\" data-related=\"Informaci\u00f3n general:S\u00edguenos para que est\u00e9ss informado\"><\/a><\/div>\n<figure class=\"wp-block-gallery columns-1 is-cropped wp-block-gallery-1 is-layout-flex wp-block-gallery-is-layout-flex\"><ul class=\"blocks-gallery-grid\"><li class=\"blocks-gallery-item\"><figure><img loading=\"lazy\" decoding=\"async\" width=\"1024\" height=\"736\" src=\"http:\/\/vertienteglobal.com\/wp-content\/uploads\/2020\/06\/cjfelipecarrillopuerto-1024x736.jpg\" alt=\"\" data-id=\"161628\" data-full-url=\"http:\/\/vertienteglobal.com\/wp-content\/uploads\/2020\/06\/cjfelipecarrillopuerto.jpg\" data-link=\"http:\/\/vertienteglobal.com\/?attachment_id=161628\" class=\"wp-image-161628\" srcset=\"http:\/\/vertienteglobal.com\/wp-content\/uploads\/2020\/06\/cjfelipecarrillopuerto-1024x736.jpg 1024w, http:\/\/vertienteglobal.com\/wp-content\/uploads\/2020\/06\/cjfelipecarrillopuerto-300x216.jpg 300w, http:\/\/vertienteglobal.com\/wp-content\/uploads\/2020\/06\/cjfelipecarrillopuerto-150x108.jpg 150w, http:\/\/vertienteglobal.com\/wp-content\/uploads\/2020\/06\/cjfelipecarrillopuerto-768x552.jpg 768w, http:\/\/vertienteglobal.com\/wp-content\/uploads\/2020\/06\/cjfelipecarrillopuerto.jpg 1280w\" sizes=\"auto, (max-width: 1024px) 100vw, 1024px\" \/><\/figure><\/li><\/ul><\/figure>\n\n\n\n<p>(Redacci\u00f3n)<\/p>\n\n\n\n<p>El gobernador de Quintana Roo realiz\u00f3 una gira de trabajo de casi 8 horas en comunidades de Jos\u00e9 Mar\u00eda Morelos y Felipe Carrillo Puerto<\/p>\n\n\n\n<p>Escuch\u00f3 y atendi\u00f3 a las familias afectadas con apoyos que m\u00e1s necesitan, alimentos, agua, colchonetas, enseres para limpieza, ropa y de higiene<\/p>\n\n\n\n<p>Plan de la Noria Poniente, Quintana Roo a 24 de junio de 2020.- El gobernador Carlos Joaqu\u00edn inform\u00f3 que a trav\u00e9s de la Secretar\u00eda de Desarrollo Agropecuario, Rural y Pesca (SEDARPE) inicia el levantamiento de da\u00f1os en la zona agr\u00edcola afectada por las inundaciones y aplicar programas para su recuperaci\u00f3n.<\/p>\n\n\n\n<p>El gobernador de Quintana Roo dio a conocer que ser\u00e1n atendidas las zonas de milpas, de apicultura, de ganader\u00eda, para salir juntos adelante y recuperar las actividades agropecuarias.<\/p>\n\n\n\n<p>Por segundo d\u00eda consecutivo, el gobernador Carlos Joaqu\u00edn realiz\u00f3 una gira de trabajo por las zonas afectadas por los escurrimientos de agua e inundaciones ocasionadas por las lluvias que dej\u00f3 la tormenta tropical \u201cCrist\u00f3bal\u201d.<\/p>\n\n\n\n<p>Ayer, Carlos Joaqu\u00edn escuch\u00f3 y atendi\u00f3 a las familias de las comunidades de Chacchoben, L\u00e1zaro C\u00e1rdenas y Miguel Hidalgo, de Bacalar, a quienes les llevo m\u00e1s ayuda y m\u00e1s apoyos para sus necesidades b\u00e1sicas.<\/p>\n\n\n\n<p>Hoy, el gobernador de Quintana Roo estuvo en comunidades de Felipe Carrillo Puerto y de Jos\u00e9 Mar\u00eda Morelos, en donde verific\u00f3 personalmente las condiciones en que se encuentran y platic\u00f3 con las familias afectadas.<\/p>\n\n\n\n<p>Carlos Joaqu\u00edn exhort\u00f3 a las familias a aplicar las medidas de higiene y de distanciamiento social para evitar contagios por coronavirus, de los que no se tienen casos en estas zonas y que se requiere mantenerse en casa para no tenerlos.<\/p>\n\n\n\n<p>Durante la gira de trabajo, Carlos Joaqu\u00edn llev\u00f3 m\u00e1s apoyos para atender las necesidades b\u00e1sicas de la gente, como son m\u00e1s de mil 100 despensas, 200 colchonetas, 20 bolsas de ropa para ni\u00f1as, ni\u00f1os, j\u00f3venes y adultos, as\u00ed como enseres dom\u00e9sticos que tanta falta les hacen.<\/p>\n\n\n\n<p>Durante m\u00e1s de 7 horas y media, el gobernador Carlos Joaqu\u00edn recorri\u00f3, en Jos\u00e9 Mar\u00eda Morelos, las comunidades de Plan de la Noria Poniente, que tiene 500 habitantes aproximadamente, donde 130 familias recibieron despensas, colchonetas, kits de limpieza para el hogar, ropa variada.<\/p>\n\n\n\n<p>Adem\u00e1s, Venustiano Carranza, con 90 familias, y Nuevo Plan de la Noria Oriente 76 familias, las que tambi\u00e9n recibieron los apoyos para satisfacer necesidades b\u00e1sicas.<\/p>\n\n\n\n<p>En Felipe Carrillo Puerto el gobernador Carlos Joaqu\u00edn recorri\u00f3 las zonas afectadas de Manuel Altamirano, donde viven 164 familias, Nueva Lor\u00eda, con 64 familias; Naranjal Poniente habitado por 215 familias y Presidente Ju\u00e1rez, donde hay 268 familias.<\/p>\n\n\n\n<p>En esta gira acompa\u00f1aron al gobernador Carlos Joaqu\u00edn el secretario de Gobierno Arturo Contreras Castillo, el titular de la SEDARPE Luis Torres Llanes; el de Protecci\u00f3n Civil Adri\u00e1n Mart\u00ednez Ortega, as\u00ed como el presidente municipal de Felipe Carrillo Puerto Jos\u00e9 Esquivel Vargas, y la presidenta municipal de Jos\u00e9 Mar\u00eda Morelos Sof\u00eda Alcocer Alcocer.<\/p>\n\n\n\n<figure class=\"wp-block-gallery columns-1 is-cropped wp-block-gallery-2 is-layout-flex wp-block-gallery-is-layout-flex\"><ul class=\"blocks-gallery-grid\"><li class=\"blocks-gallery-item\"><figure><img loading=\"lazy\" decoding=\"async\" width=\"585\" height=\"437\" src=\"http:\/\/vertienteglobal.com\/wp-content\/uploads\/2020\/06\/cjfelipecarrillopuerto9-585x437-1.jpg\" alt=\"\" data-id=\"161629\" data-full-url=\"http:\/\/vertienteglobal.com\/wp-content\/uploads\/2020\/06\/cjfelipecarrillopuerto9-585x437-1.jpg\" data-link=\"http:\/\/vertienteglobal.com\/?attachment_id=161629\" class=\"wp-image-161629\" srcset=\"http:\/\/vertienteglobal.com\/wp-content\/uploads\/2020\/06\/cjfelipecarrillopuerto9-585x437-1.jpg 585w, http:\/\/vertienteglobal.com\/wp-content\/uploads\/2020\/06\/cjfelipecarrillopuerto9-585x437-1-300x224.jpg 300w, http:\/\/vertienteglobal.com\/wp-content\/uploads\/2020\/06\/cjfelipecarrillopuerto9-585x437-1-150x112.jpg 150w\" sizes=\"auto, (max-width: 585px) 100vw, 585px\" \/><\/figure><\/li><\/ul><\/figure>\n\n\n\n<figure class=\"wp-block-gallery columns-1 is-cropped wp-block-gallery-3 is-layout-flex wp-block-gallery-is-layout-flex\"><ul class=\"blocks-gallery-grid\"><li class=\"blocks-gallery-item\"><figure><img loading=\"lazy\" decoding=\"async\" width=\"585\" height=\"411\" src=\"http:\/\/vertienteglobal.com\/wp-content\/uploads\/2020\/06\/cjfelipecarrillopuerto6-585x411-1.jpg\" alt=\"\" data-id=\"161630\" data-full-url=\"http:\/\/vertienteglobal.com\/wp-content\/uploads\/2020\/06\/cjfelipecarrillopuerto6-585x411-1.jpg\" data-link=\"http:\/\/vertienteglobal.com\/?attachment_id=161630\" class=\"wp-image-161630\" srcset=\"http:\/\/vertienteglobal.com\/wp-content\/uploads\/2020\/06\/cjfelipecarrillopuerto6-585x411-1.jpg 585w, http:\/\/vertienteglobal.com\/wp-content\/uploads\/2020\/06\/cjfelipecarrillopuerto6-585x411-1-300x211.jpg 300w, http:\/\/vertienteglobal.com\/wp-content\/uploads\/2020\/06\/cjfelipecarrillopuerto6-585x411-1-150x105.jpg 150w\" sizes=\"auto, (max-width: 585px) 100vw, 585px\" \/><\/figure><\/li><\/ul><\/figure>\n","protected":false},"excerpt":{"rendered":"<p>(Redacci\u00f3n) El gobernador de Quintana Roo realiz\u00f3 una gira de trabajo de casi 8 horas en comunidades de Jos\u00e9 Mar\u00eda Morelos y Felipe Carrillo Puerto Escuch\u00f3 y atendi\u00f3 a las familias afectadas con apoyos que m\u00e1s necesitan, alimentos, agua, colchonetas, enseres para limpieza, ropa y de higiene Plan de la Noria Poniente, Quintana Roo a [&hellip;]<\/p>\n","protected":false},"author":1,"featured_media":161628,"comment_status":"open","ping_status":"open","sticky":false,"template":"","format":"standard","meta":{"footnotes":""},"categories":[3],"tags":[],"class_list":["post-161627","post","type-post","status-publish","format-standard","has-post-thumbnail","hentry","category-quintana-roo","entry","has-media"],"jetpack_featured_media_url":"http:\/\/vertienteglobal.com\/wp-content\/uploads\/2020\/06\/cjfelipecarrillopuerto.jpg","_links":{"self":[{"href":"http:\/\/vertienteglobal.com\/index.php?rest_route=\/wp\/v2\/posts\/161627","targetHints":{"allow":["GET"]}}],"collection":[{"href":"http:\/\/vertienteglobal.com\/index.php?rest_route=\/wp\/v2\/posts"}],"about":[{"href":"http:\/\/vertienteglobal.com\/index.php?rest_route=\/wp\/v2\/types\/post"}],"author":[{"embeddable":true,"href":"http:\/\/vertienteglobal.com\/index.php?rest_route=\/wp\/v2\/users\/1"}],"replies":[{"embeddable":true,"href":"http:\/\/vertienteglobal.com\/index.php?rest_route=%2Fwp%2Fv2%2Fcomments&post=161627"}],"version-history":[{"count":0,"href":"http:\/\/vertienteglobal.com\/index.php?rest_route=\/wp\/v2\/posts\/161627\/revisions"}],"wp:featuredmedia":[{"embeddable":true,"href":"http:\/\/vertienteglobal.com\/index.php?rest_route=\/wp\/v2\/media\/161628"}],"wp:attachment":[{"href":"http:\/\/vertienteglobal.com\/index.php?rest_route=%2Fwp%2Fv2%2Fmedia&parent=161627"}],"wp:term":[{"taxonomy":"category","embeddable":true,"href":"http:\/\/vertienteglobal.com\/index.php?rest_route=%2Fwp%2Fv2%2Fcategories&post=161627"},{"taxonomy":"post_tag","embeddable":true,"href":"http:\/\/vertienteglobal.com\/index.php?rest_route=%2Fwp%2Fv2%2Ftags&post=161627"}],"curies":[{"name":"wp","href":"https:\/\/api.w.org\/{rel}","templated":true}]}}