{"id":161495,"date":"2020-06-23T10:19:00","date_gmt":"2020-06-23T15:19:00","guid":{"rendered":"http:\/\/vertienteglobal.com\/?p=161495"},"modified":"2020-06-23T11:57:34","modified_gmt":"2020-06-23T16:57:34","slug":"amlo-invitara-a-director-de-twitter-a-mananera-para-hablar-de-bots","status":"publish","type":"post","link":"http:\/\/vertienteglobal.com\/?p=161495","title":{"rendered":"AMLO invitar\u00e1 a director de Twitter a ma\u00f1anera para hablar de &#8216;bots&#8217;"},"content":{"rendered":"\n<div class=\"twitterbutton\" style=\"float: right; padding-left: 5px;\"><a href=\"http:\/\/twitter.com\/share\" class=\"twitter-share-button\" data-count=\"horizontal\" data-text=\"AMLO invitar\u00e1 a director de Twitter a ma\u00f1anera para hablar de &#8216;bots&#821...\" data-via=\"https:\/\/twitter.com\/VertienteGloba1\" data-url=\"http:\/\/vertienteglobal.com\/?p=161495\" data-lang=\"es\" data-related=\"Informaci\u00f3n general:S\u00edguenos para que est\u00e9ss informado\"><\/a><\/div>\n<figure class=\"wp-block-gallery columns-1 is-cropped wp-block-gallery-1 is-layout-flex wp-block-gallery-is-layout-flex\"><ul class=\"blocks-gallery-grid\"><li class=\"blocks-gallery-item\"><figure><img loading=\"lazy\" decoding=\"async\" width=\"1024\" height=\"572\" src=\"http:\/\/vertienteglobal.com\/wp-content\/uploads\/2020\/06\/IMG_20200623_091910-1024x572.jpg\" alt=\"\" data-id=\"161496\" data-full-url=\"http:\/\/vertienteglobal.com\/wp-content\/uploads\/2020\/06\/IMG_20200623_091910.jpg\" data-link=\"http:\/\/vertienteglobal.com\/?attachment_id=161496\" class=\"wp-image-161496\" srcset=\"http:\/\/vertienteglobal.com\/wp-content\/uploads\/2020\/06\/IMG_20200623_091910-1024x572.jpg 1024w, http:\/\/vertienteglobal.com\/wp-content\/uploads\/2020\/06\/IMG_20200623_091910-300x167.jpg 300w, http:\/\/vertienteglobal.com\/wp-content\/uploads\/2020\/06\/IMG_20200623_091910-150x84.jpg 150w, http:\/\/vertienteglobal.com\/wp-content\/uploads\/2020\/06\/IMG_20200623_091910-768x429.jpg 768w, http:\/\/vertienteglobal.com\/wp-content\/uploads\/2020\/06\/IMG_20200623_091910-1536x857.jpg 1536w, http:\/\/vertienteglobal.com\/wp-content\/uploads\/2020\/06\/IMG_20200623_091910.jpg 1960w\" sizes=\"auto, (max-width: 1024px) 100vw, 1024px\" \/><\/figure><\/li><\/ul><\/figure>\n\n\n\n<p>(Redacci\u00f3n)<\/p>\n\n\n\n<p>Afirm\u00f3 que el director ser\u00e1 cuestionado \u00abpor qu\u00e9 no se purifica el manejo en las redes sociales, yo creo que ellos s\u00ed podr\u00edan, transparentando (\u2026) somos distintos, somos dem\u00f3cratas, no podemos todos pensar de la misma manera\u00bb<\/p>\n\n\n\n<p>Ciudad de M\u00e9xico a 23 de junio de 2020.- El presidente Andr\u00e9s Manuel L\u00f3pez Obrador dijo que invitar\u00e1 de manera respetuosa a la ma\u00f1anera al director de Twitter para hablar de los bots y las noticias falsas.<\/p>\n\n\n\n<p>En su conferencia de prensa, L\u00f3pez Obrador expres\u00f3:<\/p>\n\n\n\n<p>\u00abQue nos diga qu\u00e9 pueden hacer para controlar lo de los robots y las noticias falsas, una invitaci\u00f3n amable, respetuosa, cu\u00e1les son sus limitaciones por qu\u00e9 no pueden dejar de permitir que haya este mecanismo de robots para degradar la vida p\u00fablica\u00bb.<\/p>\n\n\n\n<p>Aunado a esto, coment\u00f3 que el director ser\u00e1 cuestionado \u00abpor qu\u00e9 no se purifica el manejo en las redes sociales, yo creo que ellos s\u00ed podr\u00edan, transparentando (\u2026) somos distintos, somos dem\u00f3cratas, no podemos todos pensar de la misma manera\u00bb.<\/p>\n","protected":false},"excerpt":{"rendered":"<p>(Redacci\u00f3n) Afirm\u00f3 que el director ser\u00e1 cuestionado \u00abpor qu\u00e9 no se purifica el manejo en las redes sociales, yo creo que ellos s\u00ed podr\u00edan, transparentando (\u2026) somos distintos, somos dem\u00f3cratas, no podemos todos pensar de la misma manera\u00bb Ciudad de M\u00e9xico a 23 de junio de 2020.- El presidente Andr\u00e9s Manuel L\u00f3pez Obrador dijo que [&hellip;]<\/p>\n","protected":false},"author":1,"featured_media":161496,"comment_status":"open","ping_status":"open","sticky":false,"template":"","format":"standard","meta":{"footnotes":""},"categories":[8],"tags":[],"class_list":["post-161495","post","type-post","status-publish","format-standard","has-post-thumbnail","hentry","category-pais","entry","has-media"],"jetpack_featured_media_url":"http:\/\/vertienteglobal.com\/wp-content\/uploads\/2020\/06\/IMG_20200623_091910.jpg","_links":{"self":[{"href":"http:\/\/vertienteglobal.com\/index.php?rest_route=\/wp\/v2\/posts\/161495","targetHints":{"allow":["GET"]}}],"collection":[{"href":"http:\/\/vertienteglobal.com\/index.php?rest_route=\/wp\/v2\/posts"}],"about":[{"href":"http:\/\/vertienteglobal.com\/index.php?rest_route=\/wp\/v2\/types\/post"}],"author":[{"embeddable":true,"href":"http:\/\/vertienteglobal.com\/index.php?rest_route=\/wp\/v2\/users\/1"}],"replies":[{"embeddable":true,"href":"http:\/\/vertienteglobal.com\/index.php?rest_route=%2Fwp%2Fv2%2Fcomments&post=161495"}],"version-history":[{"count":0,"href":"http:\/\/vertienteglobal.com\/index.php?rest_route=\/wp\/v2\/posts\/161495\/revisions"}],"wp:featuredmedia":[{"embeddable":true,"href":"http:\/\/vertienteglobal.com\/index.php?rest_route=\/wp\/v2\/media\/161496"}],"wp:attachment":[{"href":"http:\/\/vertienteglobal.com\/index.php?rest_route=%2Fwp%2Fv2%2Fmedia&parent=161495"}],"wp:term":[{"taxonomy":"category","embeddable":true,"href":"http:\/\/vertienteglobal.com\/index.php?rest_route=%2Fwp%2Fv2%2Fcategories&post=161495"},{"taxonomy":"post_tag","embeddable":true,"href":"http:\/\/vertienteglobal.com\/index.php?rest_route=%2Fwp%2Fv2%2Ftags&post=161495"}],"curies":[{"name":"wp","href":"https:\/\/api.w.org\/{rel}","templated":true}]}}