{"id":161402,"date":"2020-06-22T16:19:00","date_gmt":"2020-06-22T21:19:00","guid":{"rendered":"http:\/\/vertienteglobal.com\/?p=161402"},"modified":"2020-06-22T20:05:46","modified_gmt":"2020-06-23T01:05:46","slug":"encabeza-cuitlahuac-garcia-mesa-de-seguridad-en-poza-rica-veracruz","status":"publish","type":"post","link":"http:\/\/vertienteglobal.com\/?p=161402","title":{"rendered":"Encabeza Cuitl\u00e1huac Garc\u00eda mesa de seguridad en Poza Rica, Veracruz"},"content":{"rendered":"\n<div class=\"twitterbutton\" style=\"float: right; padding-left: 5px;\"><a href=\"http:\/\/twitter.com\/share\" class=\"twitter-share-button\" data-count=\"horizontal\" data-text=\"Encabeza Cuitl\u00e1huac Garc\u00eda mesa de seguridad en Poza Rica, Veracruz\" data-via=\"https:\/\/twitter.com\/VertienteGloba1\" data-url=\"http:\/\/vertienteglobal.com\/?p=161402\" data-lang=\"es\" data-related=\"Informaci\u00f3n general:S\u00edguenos para que est\u00e9ss informado\"><\/a><\/div>\n<figure class=\"wp-block-gallery columns-1 is-cropped wp-block-gallery-1 is-layout-flex wp-block-gallery-is-layout-flex\"><ul class=\"blocks-gallery-grid\"><li class=\"blocks-gallery-item\"><figure><img loading=\"lazy\" decoding=\"async\" width=\"1024\" height=\"682\" src=\"http:\/\/vertienteglobal.com\/wp-content\/uploads\/2020\/06\/1107711.jpg\" alt=\"\" data-id=\"161403\" data-full-url=\"http:\/\/vertienteglobal.com\/wp-content\/uploads\/2020\/06\/1107711.jpg\" data-link=\"http:\/\/vertienteglobal.com\/?attachment_id=161403\" class=\"wp-image-161403\" srcset=\"http:\/\/vertienteglobal.com\/wp-content\/uploads\/2020\/06\/1107711.jpg 1024w, http:\/\/vertienteglobal.com\/wp-content\/uploads\/2020\/06\/1107711-300x200.jpg 300w, http:\/\/vertienteglobal.com\/wp-content\/uploads\/2020\/06\/1107711-150x100.jpg 150w, http:\/\/vertienteglobal.com\/wp-content\/uploads\/2020\/06\/1107711-768x512.jpg 768w\" sizes=\"auto, (max-width: 1024px) 100vw, 1024px\" \/><\/figure><\/li><\/ul><\/figure>\n\n\n\n<p>(Redacci\u00f3n)<\/p>\n\n\n\n<p>El mandatario inform\u00f3 a la poblaci\u00f3n de los resultados en donde se dio a conocer que en \u00abTihuatl\u00e1n se aseguraron una toma clandestina y 4,500 litros de hidrocarburo. De la agresi\u00f3n a fuerzas federales en Tecolutla se logr\u00f3 detener 4 agresores\u00bb<\/p>\n\n\n\n<p>Poza Rica, Veracruz a 22 de junio de 2020.- Este lunes se llev\u00f3 a cabo la Mesa de Coordinaci\u00f3n para la Construcci\u00f3n de la Paz en la ciudad de Poza Rica, y estuvo encabezada el gobernador Cuitl\u00e1huac Garc\u00eda Jim\u00e9nez.<\/p>\n\n\n\n<p>Y es que a trav\u00e9s de sus redes sociales, el mandatario inform\u00f3 a la poblaci\u00f3n de los resultados en donde se dio a conocer que en \u00abTihuatl\u00e1n se aseguraron una toma clandestina y 4,500 litros de hidrocarburo. De la agresi\u00f3n a fuerzas federales en Tecolutla se logr\u00f3 detener 4 agresores\u00bb.<\/p>\n\n\n\n<p>Tambi\u00e9n, destac\u00f3 la labor de la Secretar\u00eda de Seguridad P\u00fablica que durante este fin de semana report\u00f3 22 detenidos por diversos delitos y 25 veh\u00edculos recuperados; y 332 dosis de diversas drogas aseguradas.<\/p>\n\n\n\n<p>Aunado a ello, afirm\u00f3 que para la Construcci\u00f3n de la Paz se brindan oportunidades a la juventud, y como resultado del programa federal \u00abJ\u00f3venes Construyendo el Futuro se ha dado capacitaci\u00f3n laboral a 113 mil j\u00f3venes con un apoyo econ\u00f3mico mensual\u201d, destac\u00f3 el mandatario.<\/p>\n","protected":false},"excerpt":{"rendered":"<p>(Redacci\u00f3n) El mandatario inform\u00f3 a la poblaci\u00f3n de los resultados en donde se dio a conocer que en \u00abTihuatl\u00e1n se aseguraron una toma clandestina y 4,500 litros de hidrocarburo. De la agresi\u00f3n a fuerzas federales en Tecolutla se logr\u00f3 detener 4 agresores\u00bb Poza Rica, Veracruz a 22 de junio de 2020.- Este lunes se llev\u00f3 [&hellip;]<\/p>\n","protected":false},"author":1,"featured_media":161403,"comment_status":"open","ping_status":"open","sticky":false,"template":"","format":"standard","meta":{"footnotes":""},"categories":[7],"tags":[],"class_list":["post-161402","post","type-post","status-publish","format-standard","has-post-thumbnail","hentry","category-veracruz","entry","has-media"],"jetpack_featured_media_url":"http:\/\/vertienteglobal.com\/wp-content\/uploads\/2020\/06\/1107711.jpg","_links":{"self":[{"href":"http:\/\/vertienteglobal.com\/index.php?rest_route=\/wp\/v2\/posts\/161402","targetHints":{"allow":["GET"]}}],"collection":[{"href":"http:\/\/vertienteglobal.com\/index.php?rest_route=\/wp\/v2\/posts"}],"about":[{"href":"http:\/\/vertienteglobal.com\/index.php?rest_route=\/wp\/v2\/types\/post"}],"author":[{"embeddable":true,"href":"http:\/\/vertienteglobal.com\/index.php?rest_route=\/wp\/v2\/users\/1"}],"replies":[{"embeddable":true,"href":"http:\/\/vertienteglobal.com\/index.php?rest_route=%2Fwp%2Fv2%2Fcomments&post=161402"}],"version-history":[{"count":0,"href":"http:\/\/vertienteglobal.com\/index.php?rest_route=\/wp\/v2\/posts\/161402\/revisions"}],"wp:featuredmedia":[{"embeddable":true,"href":"http:\/\/vertienteglobal.com\/index.php?rest_route=\/wp\/v2\/media\/161403"}],"wp:attachment":[{"href":"http:\/\/vertienteglobal.com\/index.php?rest_route=%2Fwp%2Fv2%2Fmedia&parent=161402"}],"wp:term":[{"taxonomy":"category","embeddable":true,"href":"http:\/\/vertienteglobal.com\/index.php?rest_route=%2Fwp%2Fv2%2Fcategories&post=161402"},{"taxonomy":"post_tag","embeddable":true,"href":"http:\/\/vertienteglobal.com\/index.php?rest_route=%2Fwp%2Fv2%2Ftags&post=161402"}],"curies":[{"name":"wp","href":"https:\/\/api.w.org\/{rel}","templated":true}]}}