{"id":161324,"date":"2020-06-21T21:48:00","date_gmt":"2020-06-22T02:48:00","guid":{"rendered":"http:\/\/vertienteglobal.com\/?p=161324"},"modified":"2020-06-21T23:04:17","modified_gmt":"2020-06-22T04:04:17","slug":"acumula-veracruz-mas-de-8000-casos-confirmados-de-covid-19-van-1275-muertes","status":"publish","type":"post","link":"http:\/\/vertienteglobal.com\/?p=161324","title":{"rendered":"Acumula Veracruz m\u00e1s de 8,000 casos confirmados de COVID-19; van 1,275 muertes"},"content":{"rendered":"\n<div class=\"twitterbutton\" style=\"float: right; padding-left: 5px;\"><a href=\"http:\/\/twitter.com\/share\" class=\"twitter-share-button\" data-count=\"horizontal\" data-text=\"Acumula Veracruz m\u00e1s de 8,000 casos confirmados de COVID-19; van 1,275 muertes\" data-via=\"https:\/\/twitter.com\/VertienteGloba1\" data-url=\"http:\/\/vertienteglobal.com\/?p=161324\" data-lang=\"es\" data-related=\"Informaci\u00f3n general:S\u00edguenos para que est\u00e9ss informado\"><\/a><\/div>\n<figure class=\"wp-block-gallery columns-1 is-cropped wp-block-gallery-1 is-layout-flex wp-block-gallery-is-layout-flex\"><ul class=\"blocks-gallery-grid\"><li class=\"blocks-gallery-item\"><figure><img loading=\"lazy\" decoding=\"async\" width=\"1024\" height=\"630\" src=\"http:\/\/vertienteglobal.com\/wp-content\/uploads\/2020\/06\/1107618.jpg\" alt=\"\" data-id=\"161325\" data-full-url=\"http:\/\/vertienteglobal.com\/wp-content\/uploads\/2020\/06\/1107618.jpg\" data-link=\"http:\/\/vertienteglobal.com\/?attachment_id=161325\" class=\"wp-image-161325\" srcset=\"http:\/\/vertienteglobal.com\/wp-content\/uploads\/2020\/06\/1107618.jpg 1024w, http:\/\/vertienteglobal.com\/wp-content\/uploads\/2020\/06\/1107618-300x185.jpg 300w, http:\/\/vertienteglobal.com\/wp-content\/uploads\/2020\/06\/1107618-150x92.jpg 150w, http:\/\/vertienteglobal.com\/wp-content\/uploads\/2020\/06\/1107618-768x473.jpg 768w\" sizes=\"auto, (max-width: 1024px) 100vw, 1024px\" \/><\/figure><\/li><\/ul><\/figure>\n\n\n\n<p>(Redacci\u00f3n)<\/p>\n\n\n\n<p>Inform\u00f3 que hay 1 mil 787 casos sospechosos que a\u00fan siguen en investigaci\u00f3n<\/p>\n\n\n\n<p>Xalapa, Veracruz a 21 de junio de 2020.- La Secretar\u00eda de Salud de Veracruz report\u00f3 este domingo 28 nuevos fallecimientos en las \u00faltimas 24 horas por COVID-19, con lo que ya suman mil 275 muertes por el virus en la entidad.<\/p>\n\n\n\n<p>Asimismo, la encargada de Epidemiolog\u00eda de la Secretar\u00eda de Salud de Veracruz, Dulce Mar\u00eda Espejo, dio a conocer que se registraron 348 nuevos casos de coronavirus de s\u00e1bado para domingo, con lo que se lleg\u00f3 hay 8 mil 126 casos confirmados acumulados desde que inici\u00f3 la epidemia en el estado.<\/p>\n\n\n\n<p>Adem\u00e1s, hay 1 mil 787 casos sospechosos que a\u00fan siguen en investigaci\u00f3n.<\/p>\n","protected":false},"excerpt":{"rendered":"<p>(Redacci\u00f3n) Inform\u00f3 que hay 1 mil 787 casos sospechosos que a\u00fan siguen en investigaci\u00f3n Xalapa, Veracruz a 21 de junio de 2020.- La Secretar\u00eda de Salud de Veracruz report\u00f3 este domingo 28 nuevos fallecimientos en las \u00faltimas 24 horas por COVID-19, con lo que ya suman mil 275 muertes por el virus en la entidad. [&hellip;]<\/p>\n","protected":false},"author":1,"featured_media":161325,"comment_status":"open","ping_status":"open","sticky":false,"template":"","format":"standard","meta":{"footnotes":""},"categories":[7],"tags":[],"class_list":["post-161324","post","type-post","status-publish","format-standard","has-post-thumbnail","hentry","category-veracruz","entry","has-media"],"jetpack_featured_media_url":"http:\/\/vertienteglobal.com\/wp-content\/uploads\/2020\/06\/1107618.jpg","_links":{"self":[{"href":"http:\/\/vertienteglobal.com\/index.php?rest_route=\/wp\/v2\/posts\/161324","targetHints":{"allow":["GET"]}}],"collection":[{"href":"http:\/\/vertienteglobal.com\/index.php?rest_route=\/wp\/v2\/posts"}],"about":[{"href":"http:\/\/vertienteglobal.com\/index.php?rest_route=\/wp\/v2\/types\/post"}],"author":[{"embeddable":true,"href":"http:\/\/vertienteglobal.com\/index.php?rest_route=\/wp\/v2\/users\/1"}],"replies":[{"embeddable":true,"href":"http:\/\/vertienteglobal.com\/index.php?rest_route=%2Fwp%2Fv2%2Fcomments&post=161324"}],"version-history":[{"count":0,"href":"http:\/\/vertienteglobal.com\/index.php?rest_route=\/wp\/v2\/posts\/161324\/revisions"}],"wp:featuredmedia":[{"embeddable":true,"href":"http:\/\/vertienteglobal.com\/index.php?rest_route=\/wp\/v2\/media\/161325"}],"wp:attachment":[{"href":"http:\/\/vertienteglobal.com\/index.php?rest_route=%2Fwp%2Fv2%2Fmedia&parent=161324"}],"wp:term":[{"taxonomy":"category","embeddable":true,"href":"http:\/\/vertienteglobal.com\/index.php?rest_route=%2Fwp%2Fv2%2Fcategories&post=161324"},{"taxonomy":"post_tag","embeddable":true,"href":"http:\/\/vertienteglobal.com\/index.php?rest_route=%2Fwp%2Fv2%2Ftags&post=161324"}],"curies":[{"name":"wp","href":"https:\/\/api.w.org\/{rel}","templated":true}]}}