{"id":161253,"date":"2020-06-20T19:56:38","date_gmt":"2020-06-21T00:56:38","guid":{"rendered":"http:\/\/vertienteglobal.com\/?p=161253"},"modified":"2020-06-21T14:49:09","modified_gmt":"2020-06-21T19:49:09","slug":"mas-de-900-mil-700-apoyos-alimentarios-hemos-entregado-casa-por-casa-durante-la-contingencia-sanitaria-carlos-joaquin","status":"publish","type":"post","link":"http:\/\/vertienteglobal.com\/?p=161253","title":{"rendered":"M\u00e1s de 900 mil 700 apoyos alimentarios hemos entregado, casa por casa, durante la contingencia sanitaria: Carlos Joaqu\u00edn"},"content":{"rendered":"\n<div class=\"twitterbutton\" style=\"float: right; padding-left: 5px;\"><a href=\"http:\/\/twitter.com\/share\" class=\"twitter-share-button\" data-count=\"horizontal\" data-text=\"M\u00e1s de 900 mil 700 apoyos alimentarios hemos entregado, casa por casa, durante ...\" data-via=\"https:\/\/twitter.com\/VertienteGloba1\" data-url=\"http:\/\/vertienteglobal.com\/?p=161253\" data-lang=\"es\" data-related=\"Informaci\u00f3n general:S\u00edguenos para que est\u00e9ss informado\"><\/a><\/div>\n<figure class=\"wp-block-gallery columns-1 is-cropped wp-block-gallery-1 is-layout-flex wp-block-gallery-is-layout-flex\"><ul class=\"blocks-gallery-grid\"><li class=\"blocks-gallery-item\"><figure><img loading=\"lazy\" decoding=\"async\" width=\"1024\" height=\"774\" src=\"http:\/\/vertienteglobal.com\/wp-content\/uploads\/2020\/06\/cjapoyosqroo-1-1024x774.jpg\" alt=\"\" data-id=\"161255\" data-full-url=\"http:\/\/vertienteglobal.com\/wp-content\/uploads\/2020\/06\/cjapoyosqroo-1.jpg\" data-link=\"http:\/\/vertienteglobal.com\/?attachment_id=161255\" class=\"wp-image-161255\" srcset=\"http:\/\/vertienteglobal.com\/wp-content\/uploads\/2020\/06\/cjapoyosqroo-1-1024x774.jpg 1024w, http:\/\/vertienteglobal.com\/wp-content\/uploads\/2020\/06\/cjapoyosqroo-1-300x227.jpg 300w, http:\/\/vertienteglobal.com\/wp-content\/uploads\/2020\/06\/cjapoyosqroo-1-150x113.jpg 150w, http:\/\/vertienteglobal.com\/wp-content\/uploads\/2020\/06\/cjapoyosqroo-1-768x581.jpg 768w, http:\/\/vertienteglobal.com\/wp-content\/uploads\/2020\/06\/cjapoyosqroo-1.jpg 1280w\" sizes=\"auto, (max-width: 1024px) 100vw, 1024px\" \/><\/figure><\/li><\/ul><\/figure>\n\n\n\n<p>(Redacci\u00f3n)<\/p>\n\n\n\n<p>Multiplicado por tres personas por familia promedio, de acuerdo con el INEGI, el beneficio directo lleg\u00f3 a m\u00e1s de tres millones 150 mil personas<\/p>\n\n\n\n<p>El gobernador de Quintana Roo dispuso la entrega de alimentos como parte del programa \u201cCinco apoyos para tu tranquilidad\u201d durante abril, mayo y junio<\/p>\n\n\n\n<p>Chetumal, Quintana Roo a 21 de junio de 2020.-El Gobierno del Estado, dentro del programa \u201cCinco apoyos para tu tranquilidad\u201d, ha distribuido 900 mil 700 paquetes alimentarios, casa por casa, durante abril, mayo y junio, lo que representa un beneficio directo para m\u00e1s de tres millones 150 mil personas, inform\u00f3 el gobernador Carlos Joaqu\u00edn.<\/p>\n\n\n\n<p>Los apoyos forman parte del plan \u201cJuntos Saldremos Adelante\u201d para atender la emergencia sanitaria causada por la pandemia del covid-19. El plan est\u00e1 integrado por tres ejes: salvar vidas humanas, apoyar a las familias en crisis de salud y econ\u00f3mica, y recuperar la econom\u00eda.<\/p>\n\n\n\n<p>El gobernador de Quintana Roo explic\u00f3 que, desde el inicio de la emergencia sanitaria causada por el covid-19, el Gobierno de Quintana Roo implement\u00f3 acciones para apoyar a las familias quintanarroenses por la p\u00e9rdida de empleos o las fuentes de ingresos, para que ninguna de ellas se quede sin alimentos en sus mesas.<\/p>\n\n\n\n<p>Los alimentos se distribuyeron, casa por casa, en los 11 municipios, con el apoyo de la Secretar\u00eda de la Defensa Nacional, la Secretar\u00eda de Marina, la Guardia Nacional, la Polic\u00eda Quintana Roo, las y los presidentes municipales, la Coordinaci\u00f3n Estatal de Protecci\u00f3n Civil e integrantes de las brigadas amarillas.<\/p>\n\n\n\n<p>La distribuci\u00f3n por municipio es la siguiente: Benito Ju\u00e1rez: 429 mil 867 apoyos, Solidaridad: 167 mil 339, Oth\u00f3n P. Blanco: 79 mil 563, Cozumel: 67 mil 591, Felipe Carrillo Puerto: 43 mil 884, Bacalar: 27 mil 901, Tulum: 24 mil 466, Jos\u00e9 Mar\u00eda Morelos: 19 mil 141, Puerto Morelos: 16 mil siete, Isla Mujeres: 13 mil 123 y L\u00e1zaro C\u00e1rdenas: 11 mil 818.<\/p>\n\n\n\n<p>Se espera llegar al mill\u00f3n de apoyos alimentarios al concluir el programa con las acciones de recuperaci\u00f3n econ\u00f3mica, expres\u00f3 el gobernador Carlos Joaqu\u00edn.<\/p>\n\n\n\n<p>En tanto, el titular del Ejecutivo reiter\u00f3 que la recuperaci\u00f3n ser\u00e1 gradual, ordenada y responsable, por lo que insisti\u00f3 en que quienes no tienen por qu\u00e9 salir de casa, no lo hagan, para seguir cuidando a las familias y reducir los riesgos de contagio.<\/p>\n\n\n\n<p>\u201cEl virus no se ha ido, est\u00e1 ah\u00ed. Hemos convivido con \u00e9l desde casa y ahora nos toca hacerlo fuera de ella con el retorno gradual a las actividades, lo que implica fortalecer las medidas de distanciamiento social, el uso de cubrebocas, la higiene y, sobre todo, el respeto a los protocolos sanitarios establecidos\u201d, explic\u00f3 el gobernador.<\/p>\n\n\n\n<p>\u201cHoy s\u00e1bado ya estamos en recuperaci\u00f3n econ\u00f3mica. Recordemos que debe ser gradual, es decir poco a poco, con orden, pues no todos podemos salir al mismo tiempo y debemos ser responsables para cuidarnos a nosotros mismos y a nuestros familiares, a los amigos y a las dem\u00e1s personas. Convivimos con el coronavirus\u201d, escribi\u00f3 Carlos Joaqu\u00edn en su cuenta de twitter.<\/p>\n\n\n\n<p>Carlos Joaqu\u00edn recalc\u00f3 que, para la semana del 22 al 28 de junio, el sem\u00e1foro epidemiol\u00f3gico en Quintana Roo, tanto en la zona norte como en la zona sur, estar\u00e1 en color naranja, lo que permite la reactivaci\u00f3n gradual, ordenada y responsable de las principales actividades econ\u00f3micas.<\/p>\n\n\n\n<p>\u201cCuid\u00e9monos, seamos responsables, llevemos a cabo bien nuestros programas de recuperaci\u00f3n econ\u00f3mica, hag\u00e1moslo con responsabilidad y compromiso por Quintana Roo, y as\u00ed juntos saldremos adelante\u201d, reiter\u00f3.<\/p>\n","protected":false},"excerpt":{"rendered":"<p>(Redacci\u00f3n) Multiplicado por tres personas por familia promedio, de acuerdo con el INEGI, el beneficio directo lleg\u00f3 a m\u00e1s de tres millones 150 mil personas El gobernador de Quintana Roo dispuso la entrega de alimentos como parte del programa \u201cCinco apoyos para tu tranquilidad\u201d durante abril, mayo y junio Chetumal, Quintana Roo a 21 de [&hellip;]<\/p>\n","protected":false},"author":1,"featured_media":161255,"comment_status":"open","ping_status":"open","sticky":false,"template":"","format":"standard","meta":{"footnotes":""},"categories":[3],"tags":[],"class_list":["post-161253","post","type-post","status-publish","format-standard","has-post-thumbnail","hentry","category-quintana-roo","entry","has-media"],"jetpack_featured_media_url":"http:\/\/vertienteglobal.com\/wp-content\/uploads\/2020\/06\/cjapoyosqroo-1.jpg","_links":{"self":[{"href":"http:\/\/vertienteglobal.com\/index.php?rest_route=\/wp\/v2\/posts\/161253","targetHints":{"allow":["GET"]}}],"collection":[{"href":"http:\/\/vertienteglobal.com\/index.php?rest_route=\/wp\/v2\/posts"}],"about":[{"href":"http:\/\/vertienteglobal.com\/index.php?rest_route=\/wp\/v2\/types\/post"}],"author":[{"embeddable":true,"href":"http:\/\/vertienteglobal.com\/index.php?rest_route=\/wp\/v2\/users\/1"}],"replies":[{"embeddable":true,"href":"http:\/\/vertienteglobal.com\/index.php?rest_route=%2Fwp%2Fv2%2Fcomments&post=161253"}],"version-history":[{"count":0,"href":"http:\/\/vertienteglobal.com\/index.php?rest_route=\/wp\/v2\/posts\/161253\/revisions"}],"wp:featuredmedia":[{"embeddable":true,"href":"http:\/\/vertienteglobal.com\/index.php?rest_route=\/wp\/v2\/media\/161255"}],"wp:attachment":[{"href":"http:\/\/vertienteglobal.com\/index.php?rest_route=%2Fwp%2Fv2%2Fmedia&parent=161253"}],"wp:term":[{"taxonomy":"category","embeddable":true,"href":"http:\/\/vertienteglobal.com\/index.php?rest_route=%2Fwp%2Fv2%2Fcategories&post=161253"},{"taxonomy":"post_tag","embeddable":true,"href":"http:\/\/vertienteglobal.com\/index.php?rest_route=%2Fwp%2Fv2%2Ftags&post=161253"}],"curies":[{"name":"wp","href":"https:\/\/api.w.org\/{rel}","templated":true}]}}