{"id":161245,"date":"2020-06-21T10:41:00","date_gmt":"2020-06-21T15:41:00","guid":{"rendered":"http:\/\/vertienteglobal.com\/?p=161245"},"modified":"2020-06-21T11:16:55","modified_gmt":"2020-06-21T16:16:55","slug":"asi-se-ve-el-eclipse-anillo-de-fuego-en-solsticio-de-verano","status":"publish","type":"post","link":"http:\/\/vertienteglobal.com\/?p=161245","title":{"rendered":"As\u00ed se ve el eclipse &#8216;anillo de fuego&#8217;, en solsticio de verano"},"content":{"rendered":"\n<div class=\"twitterbutton\" style=\"float: right; padding-left: 5px;\"><a href=\"http:\/\/twitter.com\/share\" class=\"twitter-share-button\" data-count=\"horizontal\" data-text=\"As\u00ed se ve el eclipse &#8216;anillo de fuego&#8217;, en solsticio de verano\" data-via=\"https:\/\/twitter.com\/VertienteGloba1\" data-url=\"http:\/\/vertienteglobal.com\/?p=161245\" data-lang=\"es\" data-related=\"Informaci\u00f3n general:S\u00edguenos para que est\u00e9ss informado\"><\/a><\/div>\n<figure class=\"wp-block-gallery columns-1 is-cropped wp-block-gallery-1 is-layout-flex wp-block-gallery-is-layout-flex\"><ul class=\"blocks-gallery-grid\"><li class=\"blocks-gallery-item\"><figure><img loading=\"lazy\" decoding=\"async\" width=\"1024\" height=\"683\" src=\"http:\/\/vertienteglobal.com\/wp-content\/uploads\/2020\/06\/1107545.jpg\" alt=\"\" data-id=\"161246\" data-full-url=\"http:\/\/vertienteglobal.com\/wp-content\/uploads\/2020\/06\/1107545.jpg\" data-link=\"http:\/\/vertienteglobal.com\/?attachment_id=161246\" class=\"wp-image-161246\" srcset=\"http:\/\/vertienteglobal.com\/wp-content\/uploads\/2020\/06\/1107545.jpg 1024w, http:\/\/vertienteglobal.com\/wp-content\/uploads\/2020\/06\/1107545-300x200.jpg 300w, http:\/\/vertienteglobal.com\/wp-content\/uploads\/2020\/06\/1107545-150x100.jpg 150w, http:\/\/vertienteglobal.com\/wp-content\/uploads\/2020\/06\/1107545-768x512.jpg 768w\" sizes=\"auto, (max-width: 1024px) 100vw, 1024px\" \/><\/figure><\/li><\/ul><\/figure>\n\n\n\n<p>(Redacci\u00f3n)<\/p>\n\n\n\n<p>Hoy se pudo observar en el cielo de \u00c1frica del Este el eclipse anillo de fuego, durante el solsticio de verano<\/p>\n\n\n\n<p>Ciudad de M\u00e9xico a 21 de junio de 2020.- En pleno solsticio de verano, un eclipse solar excepcional del tipo &#8216;anillo de fuego&#8217; maravilla a expertos y aficionados en \u00c1frica y Asia.<\/p>\n\n\n\n<p>Hoy se pudo observar en el cielo de \u00c1frica del Este el eclipse anillo de fuego, durante el solsticio de verano.<\/p>\n\n\n\n<p>El fen\u00f3meno astron\u00f3mico s\u00f3lo se produce una o dos veces al a\u00f1o, empez\u00f3 poco despu\u00e9s de la salida del sol en el centro del continente africano, atravesando la Rep\u00fablica Democr\u00e1tica del Congo, Sud\u00e1n del Sur y el norte de Etiop\u00eda.<\/p>\n\n\n\n<p>Posteriormente avanz\u00f3 hacia Asia y termin\u00f3 en el oc\u00e9ano Pac\u00edfico, en el sur de la isla de Guam, y la Luna pas\u00f3 por delante del Sol, en alineaci\u00f3n con la Tierra y lo ocult\u00f3 parcialmente, dejando visible un anillo del astro rey, conocido como \u00abanillo de fuego\u00bb.<\/p>\n\n\n\n<p>En Nairobi, la capital de Kenia, pudieron observar un eclipse parcial. Las nubes taparon el momento preciso en que la Luna ten\u00eda que ocultar al Sol.<\/p>\n","protected":false},"excerpt":{"rendered":"<p>(Redacci\u00f3n) Hoy se pudo observar en el cielo de \u00c1frica del Este el eclipse anillo de fuego, durante el solsticio de verano Ciudad de M\u00e9xico a 21 de junio de 2020.- En pleno solsticio de verano, un eclipse solar excepcional del tipo &#8216;anillo de fuego&#8217; maravilla a expertos y aficionados en \u00c1frica y Asia. Hoy [&hellip;]<\/p>\n","protected":false},"author":1,"featured_media":161246,"comment_status":"open","ping_status":"open","sticky":false,"template":"","format":"standard","meta":{"footnotes":""},"categories":[8],"tags":[],"class_list":["post-161245","post","type-post","status-publish","format-standard","has-post-thumbnail","hentry","category-pais","entry","has-media"],"jetpack_featured_media_url":"http:\/\/vertienteglobal.com\/wp-content\/uploads\/2020\/06\/1107545.jpg","_links":{"self":[{"href":"http:\/\/vertienteglobal.com\/index.php?rest_route=\/wp\/v2\/posts\/161245","targetHints":{"allow":["GET"]}}],"collection":[{"href":"http:\/\/vertienteglobal.com\/index.php?rest_route=\/wp\/v2\/posts"}],"about":[{"href":"http:\/\/vertienteglobal.com\/index.php?rest_route=\/wp\/v2\/types\/post"}],"author":[{"embeddable":true,"href":"http:\/\/vertienteglobal.com\/index.php?rest_route=\/wp\/v2\/users\/1"}],"replies":[{"embeddable":true,"href":"http:\/\/vertienteglobal.com\/index.php?rest_route=%2Fwp%2Fv2%2Fcomments&post=161245"}],"version-history":[{"count":0,"href":"http:\/\/vertienteglobal.com\/index.php?rest_route=\/wp\/v2\/posts\/161245\/revisions"}],"wp:featuredmedia":[{"embeddable":true,"href":"http:\/\/vertienteglobal.com\/index.php?rest_route=\/wp\/v2\/media\/161246"}],"wp:attachment":[{"href":"http:\/\/vertienteglobal.com\/index.php?rest_route=%2Fwp%2Fv2%2Fmedia&parent=161245"}],"wp:term":[{"taxonomy":"category","embeddable":true,"href":"http:\/\/vertienteglobal.com\/index.php?rest_route=%2Fwp%2Fv2%2Fcategories&post=161245"},{"taxonomy":"post_tag","embeddable":true,"href":"http:\/\/vertienteglobal.com\/index.php?rest_route=%2Fwp%2Fv2%2Ftags&post=161245"}],"curies":[{"name":"wp","href":"https:\/\/api.w.org\/{rel}","templated":true}]}}