{"id":161204,"date":"2020-06-20T21:02:00","date_gmt":"2020-06-21T02:02:00","guid":{"rendered":"http:\/\/vertienteglobal.com\/?p=161204"},"modified":"2020-06-20T21:17:01","modified_gmt":"2020-06-21T02:17:01","slug":"distrubuiran-en-puerto-morelos-una-tonelada-de-grano-de-maiz-en-beneficio-de-100-productores","status":"publish","type":"post","link":"http:\/\/vertienteglobal.com\/?p=161204","title":{"rendered":"Distrubuir\u00e1n en Puerto Morelos una tonelada de grano de ma\u00edz en beneficio de 100 productores"},"content":{"rendered":"\n<div class=\"twitterbutton\" style=\"float: right; padding-left: 5px;\"><a href=\"http:\/\/twitter.com\/share\" class=\"twitter-share-button\" data-count=\"horizontal\" data-text=\"Distrubuir\u00e1n en Puerto Morelos una tonelada de grano de ma\u00edz en beneficio de 1...\" data-via=\"https:\/\/twitter.com\/VertienteGloba1\" data-url=\"http:\/\/vertienteglobal.com\/?p=161204\" data-lang=\"es\" data-related=\"Informaci\u00f3n general:S\u00edguenos para que est\u00e9ss informado\"><\/a><\/div>\n<figure class=\"wp-block-gallery columns-1 is-cropped wp-block-gallery-1 is-layout-flex wp-block-gallery-is-layout-flex\"><ul class=\"blocks-gallery-grid\"><li class=\"blocks-gallery-item\"><figure><img loading=\"lazy\" decoding=\"async\" width=\"1024\" height=\"682\" src=\"http:\/\/vertienteglobal.com\/wp-content\/uploads\/2020\/06\/puerto-6.jpeg\" alt=\"\" data-id=\"161205\" data-full-url=\"http:\/\/vertienteglobal.com\/wp-content\/uploads\/2020\/06\/puerto-6.jpeg\" data-link=\"http:\/\/vertienteglobal.com\/?attachment_id=161205\" class=\"wp-image-161205\" srcset=\"http:\/\/vertienteglobal.com\/wp-content\/uploads\/2020\/06\/puerto-6.jpeg 1024w, http:\/\/vertienteglobal.com\/wp-content\/uploads\/2020\/06\/puerto-6-300x200.jpeg 300w, http:\/\/vertienteglobal.com\/wp-content\/uploads\/2020\/06\/puerto-6-150x100.jpeg 150w, http:\/\/vertienteglobal.com\/wp-content\/uploads\/2020\/06\/puerto-6-768x512.jpeg 768w\" sizes=\"auto, (max-width: 1024px) 100vw, 1024px\" \/><\/figure><\/li><\/ul><\/figure>\n\n\n\n<p>(Redacci\u00f3n)<\/p>\n\n\n\n<p>Destac\u00f3 los resultados de trabajo del gobernador Carlos Joaqu\u00edn, quien a trav\u00e9s de diversos programas de esta dependencia y otras \u00e1reas de su administraci\u00f3n, apoya la gesti\u00f3n local para el desarrollo del municipio, lo que ha propiciado un crecimiento econ\u00f3mico permanente en la poblaci\u00f3n y consolidaci\u00f3n como destino tur\u00edstico<\/p>\n\n\n\n<p>Puerto Morelos, 20 de junio de 2020.- En pr\u00f3ximos d\u00edas se iniciar\u00e1 la distribuci\u00f3n gratuita de una tonelada de semilla de ma\u00edz entre productores del municipio, como un respaldo a la reactivaci\u00f3n del campo y la generaci\u00f3n de este grano que es un alimento b\u00e1sico de las familias, inform\u00f3 la presidenta municipal Laura Fern\u00e1ndez Pi\u00f1a.<\/p>\n\n\n\n<p>\u201cMe da mucho gusto dar esta buena noticia a nuestros amigos productores, porque sabemos que toda la poblaci\u00f3n est\u00e1 atravesando por tiempos muy dif\u00edciles y ellos en particular, porque dependen de la generaci\u00f3n de alimentos para el autoconsumo\u201d, dijo.<\/p>\n\n\n\n<p>Indic\u00f3 que este beneficio ser\u00e1 para los trabajadores del campo que cuentan con su parcela lista para la siembra, tanto en la cabecera municipal, en Leona Vicario, Delirios y toda la zona agr\u00edcola cercana a la delegaci\u00f3n municipal y de Central Vallarta.<\/p>\n\n\n\n<p>Los detalles para esta entrega se dar\u00e1n a conocer a trav\u00e9s de la Direcci\u00f3n de Fomento Agropecuario y Pesquero del Ayuntamiento, y para dicho procedimiento se seguir\u00e1n todos los protocolos dispuestos por las autoridades de Salud.<\/p>\n\n\n\n<p>\u201cEste apoyo es el resultado de una gesti\u00f3n que realizamos ante la Secretar\u00eda de Desarrollo Agropecuario, Rural y Pesca (Sedarpe) del gobierno del estado, mientras que por parte del Ayuntamiento cubrimos los gastos de transporte del material, un trabajo coordinado en beneficio de este sector\u201d, explic\u00f3.<\/p>\n\n\n\n<p>Destac\u00f3 los resultados de trabajo del gobernador Carlos Joaqu\u00edn, quien a trav\u00e9s de diversos programas de esta dependencia y otras \u00e1reas de su administraci\u00f3n, apoya la gesti\u00f3n local para el desarrollo del municipio, lo que ha propiciado un crecimiento econ\u00f3mico permanente en la poblaci\u00f3n y consolidaci\u00f3n como destino tur\u00edstico.<\/p>\n\n\n\n<p>Reconoci\u00f3 tambi\u00e9n la colaboraci\u00f3n del titular de la Sedarpe, Luis Torres, por dar respuesta a esta solicitud, de igual manera al director de Fomento Agropecuario y Pesquero del Ayuntamiento por agotar todo el procedimiento para que este apoyo sea una realidad en favor de la reactivaci\u00f3n del campo.<\/p>\n\n\n\n<p>Al respecto, el director de Fomento Agropecuario y Pesquero, Ignacio S\u00e1nchez Herrera, detall\u00f3 que esta tonelada de semilla de ma\u00edz beneficiar\u00e1 a por lo menos 100 productores en diversos puntos de la geograf\u00eda municipal.<\/p>\n\n\n\n<p>Indic\u00f3 que los interesados ya pueden presentar los documentos b\u00e1sicos que se requieren para acceder a este programa y a\u00f1adi\u00f3 que en unos d\u00edas se dar\u00e1 a conocer con precisi\u00f3n el mecanismo de distribuci\u00f3n.<\/p>\n\n\n\n<p>\u201cSe otorgar\u00e1 a personas que tengan una parcela destinada a producci\u00f3n de este alimento, pues lo m\u00e1s importante que nos deben garantizar es que la semilla se utilizar\u00e1 exclusivamente para siembra, porque esa es la finalidad del programa y no otros usos\u201d, subray\u00f3.<\/p>\n\n\n\n<p>Cit\u00f3 como ejemplo una gesti\u00f3n similar realizada dentro del Plan Municipal de Desarrollo 2018-2021 que fue la entrega de semillas de frijol Jamapa a productores de Leona Vicario y Delirios.<\/p>\n","protected":false},"excerpt":{"rendered":"<p>(Redacci\u00f3n) Destac\u00f3 los resultados de trabajo del gobernador Carlos Joaqu\u00edn, quien a trav\u00e9s de diversos programas de esta dependencia y otras \u00e1reas de su administraci\u00f3n, apoya la gesti\u00f3n local para el desarrollo del municipio, lo que ha propiciado un crecimiento econ\u00f3mico permanente en la poblaci\u00f3n y consolidaci\u00f3n como destino tur\u00edstico Puerto Morelos, 20 de junio [&hellip;]<\/p>\n","protected":false},"author":1,"featured_media":161205,"comment_status":"open","ping_status":"open","sticky":false,"template":"","format":"standard","meta":{"footnotes":""},"categories":[3],"tags":[],"class_list":["post-161204","post","type-post","status-publish","format-standard","has-post-thumbnail","hentry","category-quintana-roo","entry","has-media"],"jetpack_featured_media_url":"http:\/\/vertienteglobal.com\/wp-content\/uploads\/2020\/06\/puerto-6.jpeg","_links":{"self":[{"href":"http:\/\/vertienteglobal.com\/index.php?rest_route=\/wp\/v2\/posts\/161204","targetHints":{"allow":["GET"]}}],"collection":[{"href":"http:\/\/vertienteglobal.com\/index.php?rest_route=\/wp\/v2\/posts"}],"about":[{"href":"http:\/\/vertienteglobal.com\/index.php?rest_route=\/wp\/v2\/types\/post"}],"author":[{"embeddable":true,"href":"http:\/\/vertienteglobal.com\/index.php?rest_route=\/wp\/v2\/users\/1"}],"replies":[{"embeddable":true,"href":"http:\/\/vertienteglobal.com\/index.php?rest_route=%2Fwp%2Fv2%2Fcomments&post=161204"}],"version-history":[{"count":0,"href":"http:\/\/vertienteglobal.com\/index.php?rest_route=\/wp\/v2\/posts\/161204\/revisions"}],"wp:featuredmedia":[{"embeddable":true,"href":"http:\/\/vertienteglobal.com\/index.php?rest_route=\/wp\/v2\/media\/161205"}],"wp:attachment":[{"href":"http:\/\/vertienteglobal.com\/index.php?rest_route=%2Fwp%2Fv2%2Fmedia&parent=161204"}],"wp:term":[{"taxonomy":"category","embeddable":true,"href":"http:\/\/vertienteglobal.com\/index.php?rest_route=%2Fwp%2Fv2%2Fcategories&post=161204"},{"taxonomy":"post_tag","embeddable":true,"href":"http:\/\/vertienteglobal.com\/index.php?rest_route=%2Fwp%2Fv2%2Ftags&post=161204"}],"curies":[{"name":"wp","href":"https:\/\/api.w.org\/{rel}","templated":true}]}}