{"id":161008,"date":"2020-06-19T08:34:00","date_gmt":"2020-06-19T13:34:00","guid":{"rendered":"http:\/\/vertienteglobal.com\/?p=161008"},"modified":"2020-06-19T12:02:47","modified_gmt":"2020-06-19T17:02:47","slug":"en-morelos-no-negociamos-ni-pactamos-con-crimen-organizado-cuauhtemoc-blanco","status":"publish","type":"post","link":"http:\/\/vertienteglobal.com\/?p=161008","title":{"rendered":"En Morelos no negociamos ni pactamos con crimen organizado: Cuauht\u00e9moc Blanco"},"content":{"rendered":"\n<div class=\"twitterbutton\" style=\"float: right; padding-left: 5px;\"><a href=\"http:\/\/twitter.com\/share\" class=\"twitter-share-button\" data-count=\"horizontal\" data-text=\"En Morelos no negociamos ni pactamos con crimen organizado: Cuauht\u00e9moc Blanco\" data-via=\"https:\/\/twitter.com\/VertienteGloba1\" data-url=\"http:\/\/vertienteglobal.com\/?p=161008\" data-lang=\"es\" data-related=\"Informaci\u00f3n general:S\u00edguenos para que est\u00e9ss informado\"><\/a><\/div>\n<figure class=\"wp-block-gallery columns-1 is-cropped wp-block-gallery-1 is-layout-flex wp-block-gallery-is-layout-flex\"><ul class=\"blocks-gallery-grid\"><li class=\"blocks-gallery-item\"><figure><img loading=\"lazy\" decoding=\"async\" width=\"1024\" height=\"583\" src=\"http:\/\/vertienteglobal.com\/wp-content\/uploads\/2020\/06\/IMG_20200619_120147-1024x583.jpg\" alt=\"\" data-id=\"161009\" data-full-url=\"http:\/\/vertienteglobal.com\/wp-content\/uploads\/2020\/06\/IMG_20200619_120147.jpg\" data-link=\"http:\/\/vertienteglobal.com\/?attachment_id=161009\" class=\"wp-image-161009\" srcset=\"http:\/\/vertienteglobal.com\/wp-content\/uploads\/2020\/06\/IMG_20200619_120147-1024x583.jpg 1024w, http:\/\/vertienteglobal.com\/wp-content\/uploads\/2020\/06\/IMG_20200619_120147-300x171.jpg 300w, http:\/\/vertienteglobal.com\/wp-content\/uploads\/2020\/06\/IMG_20200619_120147-150x85.jpg 150w, http:\/\/vertienteglobal.com\/wp-content\/uploads\/2020\/06\/IMG_20200619_120147-768x437.jpg 768w, http:\/\/vertienteglobal.com\/wp-content\/uploads\/2020\/06\/IMG_20200619_120147-1536x875.jpg 1536w, http:\/\/vertienteglobal.com\/wp-content\/uploads\/2020\/06\/IMG_20200619_120147.jpg 1932w\" sizes=\"auto, (max-width: 1024px) 100vw, 1024px\" \/><\/figure><\/li><\/ul><\/figure>\n\n\n\n<p>(Redacci\u00f3n)<\/p>\n\n\n\n<p>El gobernador de Morelos expres\u00f3, que \u00aba un a\u00f1o ocho meses de trabajo, y gracias al trabajo coordinado de dependencias federales y estatales hemos desarticulado c\u00e9lulas delictivas de alto impacto, generadoras de violencia y llevando ante la justicia a importantes objetivos delincuenciales\u00bb<\/p>\n\n\n\n<p>Cuernavaca, Morelos a 19 de junio de 2020.-<br>El gobernador de Morelos, Cuauht\u00e9moc Blanco, asegur\u00f3 que su administraci\u00f3n no negocia con ninguna c\u00e9lula criminal.<\/p>\n\n\n\n<p>Afirm\u00f3: \u00abD\u00eda con d\u00eda, gracias a los trabajos de inteligencia cerramos margen de maniobra al crimen organizado porque en Morelos no negociamos ni pactamos que nadie opere al margen de la ley\u201d.<\/p>\n\n\n\n<p>En conferencia de prensa ma\u00f1anera, el gobernador de Morelos expres\u00f3, que \u00aba un a\u00f1o ocho meses de trabajo, y gracias al trabajo coordinado de dependencias federales y estatales hemos desarticulado c\u00e9lulas delictivas de alto impacto, generadoras de violencia y llevando ante la justicia a importantes objetivos delincuenciales\u00bb.<\/p>\n","protected":false},"excerpt":{"rendered":"<p>(Redacci\u00f3n) El gobernador de Morelos expres\u00f3, que \u00aba un a\u00f1o ocho meses de trabajo, y gracias al trabajo coordinado de dependencias federales y estatales hemos desarticulado c\u00e9lulas delictivas de alto impacto, generadoras de violencia y llevando ante la justicia a importantes objetivos delincuenciales\u00bb Cuernavaca, Morelos a 19 de junio de 2020.-El gobernador de Morelos, Cuauht\u00e9moc [&hellip;]<\/p>\n","protected":false},"author":1,"featured_media":161009,"comment_status":"open","ping_status":"open","sticky":false,"template":"","format":"standard","meta":{"footnotes":""},"categories":[8],"tags":[],"class_list":["post-161008","post","type-post","status-publish","format-standard","has-post-thumbnail","hentry","category-pais","entry","has-media"],"jetpack_featured_media_url":"http:\/\/vertienteglobal.com\/wp-content\/uploads\/2020\/06\/IMG_20200619_120147.jpg","_links":{"self":[{"href":"http:\/\/vertienteglobal.com\/index.php?rest_route=\/wp\/v2\/posts\/161008","targetHints":{"allow":["GET"]}}],"collection":[{"href":"http:\/\/vertienteglobal.com\/index.php?rest_route=\/wp\/v2\/posts"}],"about":[{"href":"http:\/\/vertienteglobal.com\/index.php?rest_route=\/wp\/v2\/types\/post"}],"author":[{"embeddable":true,"href":"http:\/\/vertienteglobal.com\/index.php?rest_route=\/wp\/v2\/users\/1"}],"replies":[{"embeddable":true,"href":"http:\/\/vertienteglobal.com\/index.php?rest_route=%2Fwp%2Fv2%2Fcomments&post=161008"}],"version-history":[{"count":0,"href":"http:\/\/vertienteglobal.com\/index.php?rest_route=\/wp\/v2\/posts\/161008\/revisions"}],"wp:featuredmedia":[{"embeddable":true,"href":"http:\/\/vertienteglobal.com\/index.php?rest_route=\/wp\/v2\/media\/161009"}],"wp:attachment":[{"href":"http:\/\/vertienteglobal.com\/index.php?rest_route=%2Fwp%2Fv2%2Fmedia&parent=161008"}],"wp:term":[{"taxonomy":"category","embeddable":true,"href":"http:\/\/vertienteglobal.com\/index.php?rest_route=%2Fwp%2Fv2%2Fcategories&post=161008"},{"taxonomy":"post_tag","embeddable":true,"href":"http:\/\/vertienteglobal.com\/index.php?rest_route=%2Fwp%2Fv2%2Ftags&post=161008"}],"curies":[{"name":"wp","href":"https:\/\/api.w.org\/{rel}","templated":true}]}}