{"id":160817,"date":"2020-06-17T12:38:00","date_gmt":"2020-06-17T17:38:00","guid":{"rendered":"http:\/\/vertienteglobal.com\/?p=160817"},"modified":"2020-06-17T19:28:23","modified_gmt":"2020-06-18T00:28:23","slug":"reciben-a-amlo-con-protestas-en-puebla","status":"publish","type":"post","link":"http:\/\/vertienteglobal.com\/?p=160817","title":{"rendered":"Reciben a AMLO con protestas en Puebla"},"content":{"rendered":"\n<div class=\"twitterbutton\" style=\"float: right; padding-left: 5px;\"><a href=\"http:\/\/twitter.com\/share\" class=\"twitter-share-button\" data-count=\"horizontal\" data-text=\"Reciben a AMLO con protestas en Puebla\" data-via=\"https:\/\/twitter.com\/VertienteGloba1\" data-url=\"http:\/\/vertienteglobal.com\/?p=160817\" data-lang=\"es\" data-related=\"Informaci\u00f3n general:S\u00edguenos para que est\u00e9ss informado\"><\/a><\/div>\n<figure class=\"wp-block-gallery columns-1 is-cropped wp-block-gallery-1 is-layout-flex wp-block-gallery-is-layout-flex\"><ul class=\"blocks-gallery-grid\"><li class=\"blocks-gallery-item\"><figure><img loading=\"lazy\" decoding=\"async\" width=\"1024\" height=\"683\" src=\"http:\/\/vertienteglobal.com\/wp-content\/uploads\/2020\/06\/1106935.jpg\" alt=\"\" data-id=\"160818\" data-full-url=\"http:\/\/vertienteglobal.com\/wp-content\/uploads\/2020\/06\/1106935.jpg\" data-link=\"http:\/\/vertienteglobal.com\/?attachment_id=160818\" class=\"wp-image-160818\" srcset=\"http:\/\/vertienteglobal.com\/wp-content\/uploads\/2020\/06\/1106935.jpg 1024w, http:\/\/vertienteglobal.com\/wp-content\/uploads\/2020\/06\/1106935-300x200.jpg 300w, http:\/\/vertienteglobal.com\/wp-content\/uploads\/2020\/06\/1106935-150x100.jpg 150w, http:\/\/vertienteglobal.com\/wp-content\/uploads\/2020\/06\/1106935-768x512.jpg 768w\" sizes=\"auto, (max-width: 1024px) 100vw, 1024px\" \/><\/figure><\/li><\/ul><\/figure>\n\n\n\n<p>(Redacci\u00f3n)<\/p>\n\n\n\n<p>Los manifestantes reclamaron al gobierno federal y estatal la creaci\u00f3n de empleos y de oportunidades de servicios de salud para la gente vulnerable ante el COVID-19<\/p>\n\n\n\n<p>Puebla, Puebla a 17 de junio de 2020.- Ante la visita del presidente Andr\u00e9s Manuel L\u00f3pez Obrador a Puebla, un grupo de antorchista se manifestaron a las afueras de la Escuela Militar de Sargentos.<\/p>\n\n\n\n<p>Y es que los manifestantes reclamaron al gobierno federal y estatal la creaci\u00f3n de empleos y de oportunidades de servicios de salud para la gente vulnerable ante el COVID-19.<\/p>\n\n\n\n<p>Con cartulinas con frases como \u201cEn M\u00e9xico AMLO miente y Barbosa miente en Puebla\u201d, \u201cExigimos trabajo para todos los mexicanos\u201d y \u201cBarbosa dijo que a los pobres no les daba coronavirus\u00bb, los manifestantes mostraron su inconformidad.<\/p>\n\n\n\n<p>Cabe destacar que este mi\u00e9rcoles el presidente encabez\u00f3 la mesa de seguridad y la conferencia de prensa ma\u00f1anera en Puebla. (Fuente: Sol de M\u00e9xico)<\/p>\n\n\n\n<figure class=\"wp-block-gallery columns-1 is-cropped wp-block-gallery-2 is-layout-flex wp-block-gallery-is-layout-flex\"><ul class=\"blocks-gallery-grid\"><li class=\"blocks-gallery-item\"><figure><img loading=\"lazy\" decoding=\"async\" width=\"680\" height=\"453\" src=\"http:\/\/vertienteglobal.com\/wp-content\/uploads\/2020\/06\/IMG_20200617_142105.jpg\" alt=\"\" data-id=\"160819\" data-full-url=\"http:\/\/vertienteglobal.com\/wp-content\/uploads\/2020\/06\/IMG_20200617_142105.jpg\" data-link=\"http:\/\/vertienteglobal.com\/?attachment_id=160819\" class=\"wp-image-160819\" srcset=\"http:\/\/vertienteglobal.com\/wp-content\/uploads\/2020\/06\/IMG_20200617_142105.jpg 680w, http:\/\/vertienteglobal.com\/wp-content\/uploads\/2020\/06\/IMG_20200617_142105-300x200.jpg 300w, http:\/\/vertienteglobal.com\/wp-content\/uploads\/2020\/06\/IMG_20200617_142105-150x100.jpg 150w\" sizes=\"auto, (max-width: 680px) 100vw, 680px\" \/><\/figure><\/li><\/ul><\/figure>\n\n\n\n<figure class=\"wp-block-gallery columns-1 is-cropped wp-block-gallery-3 is-layout-flex wp-block-gallery-is-layout-flex\"><ul class=\"blocks-gallery-grid\"><li class=\"blocks-gallery-item\"><figure><img loading=\"lazy\" decoding=\"async\" width=\"600\" height=\"900\" src=\"http:\/\/vertienteglobal.com\/wp-content\/uploads\/2020\/06\/IMG_20200617_142102.jpg\" alt=\"\" data-id=\"160820\" data-full-url=\"http:\/\/vertienteglobal.com\/wp-content\/uploads\/2020\/06\/IMG_20200617_142102.jpg\" data-link=\"http:\/\/vertienteglobal.com\/?attachment_id=160820\" class=\"wp-image-160820\" srcset=\"http:\/\/vertienteglobal.com\/wp-content\/uploads\/2020\/06\/IMG_20200617_142102.jpg 600w, http:\/\/vertienteglobal.com\/wp-content\/uploads\/2020\/06\/IMG_20200617_142102-200x300.jpg 200w, http:\/\/vertienteglobal.com\/wp-content\/uploads\/2020\/06\/IMG_20200617_142102-100x150.jpg 100w\" sizes=\"auto, (max-width: 600px) 100vw, 600px\" \/><\/figure><\/li><\/ul><\/figure>\n","protected":false},"excerpt":{"rendered":"<p>(Redacci\u00f3n) Los manifestantes reclamaron al gobierno federal y estatal la creaci\u00f3n de empleos y de oportunidades de servicios de salud para la gente vulnerable ante el COVID-19 Puebla, Puebla a 17 de junio de 2020.- Ante la visita del presidente Andr\u00e9s Manuel L\u00f3pez Obrador a Puebla, un grupo de antorchista se manifestaron a las afueras [&hellip;]<\/p>\n","protected":false},"author":1,"featured_media":160818,"comment_status":"open","ping_status":"open","sticky":false,"template":"","format":"standard","meta":{"footnotes":""},"categories":[8],"tags":[],"class_list":["post-160817","post","type-post","status-publish","format-standard","has-post-thumbnail","hentry","category-pais","entry","has-media"],"jetpack_featured_media_url":"http:\/\/vertienteglobal.com\/wp-content\/uploads\/2020\/06\/1106935.jpg","_links":{"self":[{"href":"http:\/\/vertienteglobal.com\/index.php?rest_route=\/wp\/v2\/posts\/160817","targetHints":{"allow":["GET"]}}],"collection":[{"href":"http:\/\/vertienteglobal.com\/index.php?rest_route=\/wp\/v2\/posts"}],"about":[{"href":"http:\/\/vertienteglobal.com\/index.php?rest_route=\/wp\/v2\/types\/post"}],"author":[{"embeddable":true,"href":"http:\/\/vertienteglobal.com\/index.php?rest_route=\/wp\/v2\/users\/1"}],"replies":[{"embeddable":true,"href":"http:\/\/vertienteglobal.com\/index.php?rest_route=%2Fwp%2Fv2%2Fcomments&post=160817"}],"version-history":[{"count":0,"href":"http:\/\/vertienteglobal.com\/index.php?rest_route=\/wp\/v2\/posts\/160817\/revisions"}],"wp:featuredmedia":[{"embeddable":true,"href":"http:\/\/vertienteglobal.com\/index.php?rest_route=\/wp\/v2\/media\/160818"}],"wp:attachment":[{"href":"http:\/\/vertienteglobal.com\/index.php?rest_route=%2Fwp%2Fv2%2Fmedia&parent=160817"}],"wp:term":[{"taxonomy":"category","embeddable":true,"href":"http:\/\/vertienteglobal.com\/index.php?rest_route=%2Fwp%2Fv2%2Fcategories&post=160817"},{"taxonomy":"post_tag","embeddable":true,"href":"http:\/\/vertienteglobal.com\/index.php?rest_route=%2Fwp%2Fv2%2Ftags&post=160817"}],"curies":[{"name":"wp","href":"https:\/\/api.w.org\/{rel}","templated":true}]}}