{"id":160801,"date":"2020-06-17T08:58:00","date_gmt":"2020-06-17T13:58:00","guid":{"rendered":"http:\/\/vertienteglobal.com\/?p=160801"},"modified":"2020-06-17T18:59:20","modified_gmt":"2020-06-17T23:59:20","slug":"no-ha-podido-hablar-con-gobernador-de-jalisco-por-la-gira-amlo","status":"publish","type":"post","link":"http:\/\/vertienteglobal.com\/?p=160801","title":{"rendered":"No ha podido hablar con gobernador de Jalisco por la gira: AMLO"},"content":{"rendered":"\n<div class=\"twitterbutton\" style=\"float: right; padding-left: 5px;\"><a href=\"http:\/\/twitter.com\/share\" class=\"twitter-share-button\" data-count=\"horizontal\" data-text=\"No ha podido hablar con gobernador de Jalisco por la gira: AMLO\" data-via=\"https:\/\/twitter.com\/VertienteGloba1\" data-url=\"http:\/\/vertienteglobal.com\/?p=160801\" data-lang=\"es\" data-related=\"Informaci\u00f3n general:S\u00edguenos para que est\u00e9ss informado\"><\/a><\/div>\n<figure class=\"wp-block-gallery columns-1 is-cropped wp-block-gallery-1 is-layout-flex wp-block-gallery-is-layout-flex\"><ul class=\"blocks-gallery-grid\"><li class=\"blocks-gallery-item\"><figure><img loading=\"lazy\" decoding=\"async\" width=\"1024\" height=\"589\" src=\"http:\/\/vertienteglobal.com\/wp-content\/uploads\/2020\/06\/IMG_20200617_111224-1024x589.jpg\" alt=\"\" data-id=\"160802\" data-full-url=\"http:\/\/vertienteglobal.com\/wp-content\/uploads\/2020\/06\/IMG_20200617_111224.jpg\" data-link=\"http:\/\/vertienteglobal.com\/?attachment_id=160802\" class=\"wp-image-160802\" srcset=\"http:\/\/vertienteglobal.com\/wp-content\/uploads\/2020\/06\/IMG_20200617_111224-1024x589.jpg 1024w, http:\/\/vertienteglobal.com\/wp-content\/uploads\/2020\/06\/IMG_20200617_111224-300x173.jpg 300w, http:\/\/vertienteglobal.com\/wp-content\/uploads\/2020\/06\/IMG_20200617_111224-150x86.jpg 150w, http:\/\/vertienteglobal.com\/wp-content\/uploads\/2020\/06\/IMG_20200617_111224-768x442.jpg 768w, http:\/\/vertienteglobal.com\/wp-content\/uploads\/2020\/06\/IMG_20200617_111224-1536x883.jpg 1536w, http:\/\/vertienteglobal.com\/wp-content\/uploads\/2020\/06\/IMG_20200617_111224.jpg 1982w\" sizes=\"auto, (max-width: 1024px) 100vw, 1024px\" \/><\/figure><\/li><\/ul><\/figure>\n\n\n\n<p>(Redacci\u00f3n)<\/p>\n\n\n\n<p>L\u00f3pez Obrador asegur\u00f3 que tampoco quiere dar espect\u00e1culos ya que hay muchas cosas por atender, como para andar dando nota<\/p>\n\n\n\n<p>Puebla. Puebla a 17 de junio de 2020.- El presidente Andr\u00e9s Manuel L\u00f3pez Obrador, asegur\u00f3 que no ha podido hablar con el gobernador de Jalisco, Enrique Alfaro Rodr\u00edguez, por la gira que lleva a cabo desde el 1 de junio.<\/p>\n\n\n\n<p>Y es que al ser cuestionado luego de que el mandatario de Jalisco lo ha buscado para reunirse pero no lo ha logrado, L\u00f3pez Obrador asegur\u00f3 que tampoco quiere dar espect\u00e1culos ya que hay muchas cosas por atender, como para andar dando nota.<\/p>\n\n\n\n<p>\u201cYo quiero que se serenen las cosas y no quiero que haya espect\u00e1culo, hay cosas muy importantes que atender, lo de la pandemia, todo esto que tiene que ver con la seguridad como para estar dando nota sobre diferencias que tenemos\u201d.<\/p>\n\n\n\n<p>Cabe destacar que el mandatario jalisciense acus\u00f3 al presidente de estar detr\u00e1s de los conflictos violentos que se registraron en la entidad por el asesinato de Giovanni L\u00f3pez.<\/p>\n","protected":false},"excerpt":{"rendered":"<p>(Redacci\u00f3n) L\u00f3pez Obrador asegur\u00f3 que tampoco quiere dar espect\u00e1culos ya que hay muchas cosas por atender, como para andar dando nota Puebla. Puebla a 17 de junio de 2020.- El presidente Andr\u00e9s Manuel L\u00f3pez Obrador, asegur\u00f3 que no ha podido hablar con el gobernador de Jalisco, Enrique Alfaro Rodr\u00edguez, por la gira que lleva a [&hellip;]<\/p>\n","protected":false},"author":1,"featured_media":160802,"comment_status":"open","ping_status":"open","sticky":false,"template":"","format":"standard","meta":{"footnotes":""},"categories":[8],"tags":[],"class_list":["post-160801","post","type-post","status-publish","format-standard","has-post-thumbnail","hentry","category-pais","entry","has-media"],"jetpack_featured_media_url":"http:\/\/vertienteglobal.com\/wp-content\/uploads\/2020\/06\/IMG_20200617_111224.jpg","_links":{"self":[{"href":"http:\/\/vertienteglobal.com\/index.php?rest_route=\/wp\/v2\/posts\/160801","targetHints":{"allow":["GET"]}}],"collection":[{"href":"http:\/\/vertienteglobal.com\/index.php?rest_route=\/wp\/v2\/posts"}],"about":[{"href":"http:\/\/vertienteglobal.com\/index.php?rest_route=\/wp\/v2\/types\/post"}],"author":[{"embeddable":true,"href":"http:\/\/vertienteglobal.com\/index.php?rest_route=\/wp\/v2\/users\/1"}],"replies":[{"embeddable":true,"href":"http:\/\/vertienteglobal.com\/index.php?rest_route=%2Fwp%2Fv2%2Fcomments&post=160801"}],"version-history":[{"count":0,"href":"http:\/\/vertienteglobal.com\/index.php?rest_route=\/wp\/v2\/posts\/160801\/revisions"}],"wp:featuredmedia":[{"embeddable":true,"href":"http:\/\/vertienteglobal.com\/index.php?rest_route=\/wp\/v2\/media\/160802"}],"wp:attachment":[{"href":"http:\/\/vertienteglobal.com\/index.php?rest_route=%2Fwp%2Fv2%2Fmedia&parent=160801"}],"wp:term":[{"taxonomy":"category","embeddable":true,"href":"http:\/\/vertienteglobal.com\/index.php?rest_route=%2Fwp%2Fv2%2Fcategories&post=160801"},{"taxonomy":"post_tag","embeddable":true,"href":"http:\/\/vertienteglobal.com\/index.php?rest_route=%2Fwp%2Fv2%2Ftags&post=160801"}],"curies":[{"name":"wp","href":"https:\/\/api.w.org\/{rel}","templated":true}]}}