{"id":160758,"date":"2020-06-16T22:48:00","date_gmt":"2020-06-17T03:48:00","guid":{"rendered":"http:\/\/vertienteglobal.com\/?p=160758"},"modified":"2020-06-16T23:49:21","modified_gmt":"2020-06-17T04:49:21","slug":"la-situacion-no-ha-cambiado-hoy-estamos-conviviendo-con-el-coronavirus-en-la-calle-carlos-joaquin","status":"publish","type":"post","link":"http:\/\/vertienteglobal.com\/?p=160758","title":{"rendered":"La situaci\u00f3n no ha cambiado, hoy estamos conviviendo con el Coronavirus en la calle: Carlos Joaqu\u00edn"},"content":{"rendered":"\n<div class=\"twitterbutton\" style=\"float: right; padding-left: 5px;\"><a href=\"http:\/\/twitter.com\/share\" class=\"twitter-share-button\" data-count=\"horizontal\" data-text=\"La situaci\u00f3n no ha cambiado, hoy estamos conviviendo con el Coronavirus en la c...\" data-via=\"https:\/\/twitter.com\/VertienteGloba1\" data-url=\"http:\/\/vertienteglobal.com\/?p=160758\" data-lang=\"es\" data-related=\"Informaci\u00f3n general:S\u00edguenos para que est\u00e9ss informado\"><\/a><\/div>\n<figure class=\"wp-block-gallery columns-1 is-cropped wp-block-gallery-1 is-layout-flex wp-block-gallery-is-layout-flex\"><ul class=\"blocks-gallery-grid\"><li class=\"blocks-gallery-item\"><figure><img loading=\"lazy\" decoding=\"async\" width=\"1024\" height=\"682\" src=\"http:\/\/vertienteglobal.com\/wp-content\/uploads\/2020\/06\/cjcoronavirus-1024x682.jpg\" alt=\"\" data-id=\"160759\" data-full-url=\"http:\/\/vertienteglobal.com\/wp-content\/uploads\/2020\/06\/cjcoronavirus.jpg\" data-link=\"http:\/\/vertienteglobal.com\/?attachment_id=160759\" class=\"wp-image-160759\" srcset=\"http:\/\/vertienteglobal.com\/wp-content\/uploads\/2020\/06\/cjcoronavirus-1024x682.jpg 1024w, http:\/\/vertienteglobal.com\/wp-content\/uploads\/2020\/06\/cjcoronavirus-300x200.jpg 300w, http:\/\/vertienteglobal.com\/wp-content\/uploads\/2020\/06\/cjcoronavirus-150x100.jpg 150w, http:\/\/vertienteglobal.com\/wp-content\/uploads\/2020\/06\/cjcoronavirus-768x511.jpg 768w, http:\/\/vertienteglobal.com\/wp-content\/uploads\/2020\/06\/cjcoronavirus.jpg 1280w\" sizes=\"auto, (max-width: 1024px) 100vw, 1024px\" \/><\/figure><\/li><\/ul><\/figure>\n\n\n\n<p>(Redacci\u00f3n)<\/p>\n\n\n\n<p>El gobernador de Quintana Roo exhorta a la poblaci\u00f3n a continuar con las medidas preventivas de higiene y de distanciamiento social para avanzar con el plan Reactivemos Quintana Roo<\/p>\n\n\n\n<p>Anuncia un plan de fumigaci\u00f3n y nebulizaci\u00f3n en todo el estado para combatir la presencia de los mosquitos<\/p>\n\n\n\n<p>Canc\u00fan, Quintana Roo a16 de junio de 2020.- El gobernador Carlos Joaqu\u00edn exhort\u00f3 a la poblaci\u00f3n quintanarroense a ser cuidadosa, a seguir con la aplicaci\u00f3n de las medidas preventivas, de distanciamiento social, evitar un rebrote de contagios y seguir adelante con el Plan Reactivemos Quintana Roo para el retorno gradual, ordenado y responsable a las actividades econ\u00f3micas.<\/p>\n\n\n\n<p>\u00abHoy estamos conviviendo con el Coronavirus en la calle. La situaci\u00f3n no ha cambiado, el coronavirus est\u00e1 presente, es altamente contagioso, pone en riesgo la salud y la vida de muchas personas. Les quiero pedir a todas y todos a mantener las medidas preventivas, usar el cubrebocas, mantener la distancia, no saludarse de mano, limpiar las superficies, para cuidar nuestra salud y en especial de los grupos vulnerables\u201d expres\u00f3 Carlos Joaqu\u00edn.<\/p>\n\n\n\n<p>Invit\u00f3 a las y los empresarios que est\u00e1n siguiendo los protocolos de prevenci\u00f3n a que contin\u00faen con esa responsabilidad, para evitar un rebrote, en bien de la reactivaci\u00f3n tur\u00edstica de nuestro estado y en bien de la salud de las y los quintanarroenses.<\/p>\n\n\n\n<p>El gobernador de Quintana Roo explic\u00f3 que adem\u00e1s de atender la contingencia sanitaria por Coronavirus se da apoyo a las m\u00e1s de 6 mil 700 familias afectadas por los escurrimientos e inundaciones provocadas por la tormenta tropical \u201cCrist\u00f3bal\u201d.<\/p>\n\n\n\n<p>Se entr\u00f3 a la fase de vigilancia al arribo del sargazo, con la instalaci\u00f3n de barreras de contenci\u00f3n y el uso de las lanchas sargaceras.<\/p>\n\n\n\n<p>El Gobernador agradeci\u00f3 a la Secretar\u00eda de la Defensa Nacional y a la Secretar\u00eda de Marina el apoyo que ha brindado a Quintana Roo, a las familias que m\u00e1s lo necesitan, tanto en la emergencia sanitaria por Covid-19 como en las afectaciones por inundaciones.<\/p>\n\n\n\n<p>Carlos Joaqu\u00edn present\u00f3 el plan de fumigaci\u00f3n para disminuir en todo el estado la afectaci\u00f3n por mosquitos que han hecho su aparici\u00f3n tras las lluvias y ante la presencia de inundaciones.<\/p>\n\n\n\n<p>El titular del Ejecutivo destac\u00f3 que las acciones de descacharrizaci\u00f3n contribuir\u00e1n en la disminuci\u00f3n del mosco transmisor del dengue, zika y chinkungunya.<\/p>\n\n\n\n<p>A trav\u00e9s del programa \u201cEnlace Ciudadano\u201d, que se transmite a trav\u00e9s del Sistema Quintanarroense de Comunicaci\u00f3n Social, y las redes sociales de la Coordinaci\u00f3n General de Comunicaci\u00f3n del Gobierno del Estado, el gobernador Carlos Joaqu\u00edn actualiz\u00f3 la informaci\u00f3n del Plan Reactivemos Juntos Quintana Roo.<\/p>\n\n\n\n<p>\u201cTenemos que ser muy cuidadosos, tenemos que aprender a convivir con el Coronavirus en esta nueva realidad que el mundo vive. Agradezco a todas y todos por haber bajado la movilidad de las ciudades tan activas como Canc\u00fan, Playa del Carmen, Chetumal, Cozumel, en las que bajamos m\u00e1s del 85% esa movilidad, y que nos permiti\u00f3 tener una curva muy controlable\u201d expres\u00f3 el Gobernador.<\/p>\n\n\n\n<p>A\u00f1adi\u00f3 que esto permiti\u00f3 los mejores resultados del pa\u00eds que nos permite avanzar juntos en la tercera parte del plan Juntos Saldremos Adelante que es precisamente Reactivemos Quintana Roo, de forma gradual, ordenada y responsable.<\/p>\n","protected":false},"excerpt":{"rendered":"<p>(Redacci\u00f3n) El gobernador de Quintana Roo exhorta a la poblaci\u00f3n a continuar con las medidas preventivas de higiene y de distanciamiento social para avanzar con el plan Reactivemos Quintana Roo Anuncia un plan de fumigaci\u00f3n y nebulizaci\u00f3n en todo el estado para combatir la presencia de los mosquitos Canc\u00fan, Quintana Roo a16 de junio de [&hellip;]<\/p>\n","protected":false},"author":1,"featured_media":160759,"comment_status":"open","ping_status":"open","sticky":false,"template":"","format":"standard","meta":{"footnotes":""},"categories":[3],"tags":[],"class_list":["post-160758","post","type-post","status-publish","format-standard","has-post-thumbnail","hentry","category-quintana-roo","entry","has-media"],"jetpack_featured_media_url":"http:\/\/vertienteglobal.com\/wp-content\/uploads\/2020\/06\/cjcoronavirus.jpg","_links":{"self":[{"href":"http:\/\/vertienteglobal.com\/index.php?rest_route=\/wp\/v2\/posts\/160758","targetHints":{"allow":["GET"]}}],"collection":[{"href":"http:\/\/vertienteglobal.com\/index.php?rest_route=\/wp\/v2\/posts"}],"about":[{"href":"http:\/\/vertienteglobal.com\/index.php?rest_route=\/wp\/v2\/types\/post"}],"author":[{"embeddable":true,"href":"http:\/\/vertienteglobal.com\/index.php?rest_route=\/wp\/v2\/users\/1"}],"replies":[{"embeddable":true,"href":"http:\/\/vertienteglobal.com\/index.php?rest_route=%2Fwp%2Fv2%2Fcomments&post=160758"}],"version-history":[{"count":0,"href":"http:\/\/vertienteglobal.com\/index.php?rest_route=\/wp\/v2\/posts\/160758\/revisions"}],"wp:featuredmedia":[{"embeddable":true,"href":"http:\/\/vertienteglobal.com\/index.php?rest_route=\/wp\/v2\/media\/160759"}],"wp:attachment":[{"href":"http:\/\/vertienteglobal.com\/index.php?rest_route=%2Fwp%2Fv2%2Fmedia&parent=160758"}],"wp:term":[{"taxonomy":"category","embeddable":true,"href":"http:\/\/vertienteglobal.com\/index.php?rest_route=%2Fwp%2Fv2%2Fcategories&post=160758"},{"taxonomy":"post_tag","embeddable":true,"href":"http:\/\/vertienteglobal.com\/index.php?rest_route=%2Fwp%2Fv2%2Ftags&post=160758"}],"curies":[{"name":"wp","href":"https:\/\/api.w.org\/{rel}","templated":true}]}}