{"id":160737,"date":"2020-06-16T19:21:00","date_gmt":"2020-06-17T00:21:00","guid":{"rendered":"http:\/\/vertienteglobal.com\/?p=160737"},"modified":"2020-06-16T23:39:33","modified_gmt":"2020-06-17T04:39:33","slug":"rebasa-mexico-las-18000-muertes-por-covid-19-se-acumulan-154863-casos-acumulados","status":"publish","type":"post","link":"http:\/\/vertienteglobal.com\/?p=160737","title":{"rendered":"Rebasa M\u00e9xico las 18,000 muertes por COVID-19; se acumulan 154,863 casos acumulados"},"content":{"rendered":"\n<div class=\"twitterbutton\" style=\"float: right; padding-left: 5px;\"><a href=\"http:\/\/twitter.com\/share\" class=\"twitter-share-button\" data-count=\"horizontal\" data-text=\"Rebasa M\u00e9xico las 18,000 muertes por COVID-19; se acumulan 154,863 casos acumul...\" data-via=\"https:\/\/twitter.com\/VertienteGloba1\" data-url=\"http:\/\/vertienteglobal.com\/?p=160737\" data-lang=\"es\" data-related=\"Informaci\u00f3n general:S\u00edguenos para que est\u00e9ss informado\"><\/a><\/div>\n<figure class=\"wp-block-gallery columns-1 is-cropped wp-block-gallery-1 is-layout-flex wp-block-gallery-is-layout-flex\"><ul class=\"blocks-gallery-grid\"><li class=\"blocks-gallery-item\"><figure><img loading=\"lazy\" decoding=\"async\" width=\"1024\" height=\"677\" src=\"http:\/\/vertienteglobal.com\/wp-content\/uploads\/2020\/06\/1106841.jpg\" alt=\"\" data-id=\"160738\" data-full-url=\"http:\/\/vertienteglobal.com\/wp-content\/uploads\/2020\/06\/1106841.jpg\" data-link=\"http:\/\/vertienteglobal.com\/?attachment_id=160738\" class=\"wp-image-160738\" srcset=\"http:\/\/vertienteglobal.com\/wp-content\/uploads\/2020\/06\/1106841.jpg 1024w, http:\/\/vertienteglobal.com\/wp-content\/uploads\/2020\/06\/1106841-300x198.jpg 300w, http:\/\/vertienteglobal.com\/wp-content\/uploads\/2020\/06\/1106841-150x99.jpg 150w, http:\/\/vertienteglobal.com\/wp-content\/uploads\/2020\/06\/1106841-768x508.jpg 768w\" sizes=\"auto, (max-width: 1024px) 100vw, 1024px\" \/><\/figure><\/li><\/ul><\/figure>\n\n\n\n<p>(Redacci\u00f3n)<\/p>\n\n\n\n<p>Afirm\u00f3 que se lleg\u00f3 a un total de 154 mil 863 casos acumulados desde el inicio de la pandemia en el pa\u00eds, de los cuales 21 mil 159 est\u00e1n activos<\/p>\n\n\n\n<p>Ciudad de M\u00e9xico a 16 de junio de 2020.- Jos\u00e9 Luis Alom\u00eda Zegarra, encargado de Epidemiolog\u00eda de la Secretar\u00eda de Salud federal, inform\u00f3 este martes que ya suman 18 mil 310 muertes por COVID-19 en M\u00e9xico.<\/p>\n\n\n\n<p>Asimismo, dio a conocer en el reporte diario, que se lleg\u00f3 a un total de 154 mil 863 casos acumulados desde el inicio de la pandemia en el pa\u00eds, de los cuales 21 mil 159 est\u00e1n activos.<\/p>\n\n\n\n<p>Adem\u00e1s, Alom\u00eda Zegarra detall\u00f3 que en el pa\u00eds hay 56 mil 843 casos sospechosos acumulados.<\/p>\n\n\n\n<p>En M\u00e9xico han sido estudiadas 428 mil 563 personas, de las cuales 216 mil 857 dieron negativo a la prueba para detectar SARS-CoV-2.<\/p>\n\n\n\n<figure class=\"wp-block-gallery columns-1 is-cropped wp-block-gallery-2 is-layout-flex wp-block-gallery-is-layout-flex\"><ul class=\"blocks-gallery-grid\"><li class=\"blocks-gallery-item\"><figure><img loading=\"lazy\" decoding=\"async\" width=\"449\" height=\"328\" src=\"http:\/\/vertienteglobal.com\/wp-content\/uploads\/2020\/06\/datgos-covid-federal-1606.jpg\" alt=\"\" data-id=\"160739\" data-full-url=\"http:\/\/vertienteglobal.com\/wp-content\/uploads\/2020\/06\/datgos-covid-federal-1606.jpg\" data-link=\"http:\/\/vertienteglobal.com\/?attachment_id=160739\" class=\"wp-image-160739\" srcset=\"http:\/\/vertienteglobal.com\/wp-content\/uploads\/2020\/06\/datgos-covid-federal-1606.jpg 449w, http:\/\/vertienteglobal.com\/wp-content\/uploads\/2020\/06\/datgos-covid-federal-1606-300x219.jpg 300w, http:\/\/vertienteglobal.com\/wp-content\/uploads\/2020\/06\/datgos-covid-federal-1606-150x110.jpg 150w\" sizes=\"auto, (max-width: 449px) 100vw, 449px\" \/><\/figure><\/li><\/ul><\/figure>\n","protected":false},"excerpt":{"rendered":"<p>(Redacci\u00f3n) Afirm\u00f3 que se lleg\u00f3 a un total de 154 mil 863 casos acumulados desde el inicio de la pandemia en el pa\u00eds, de los cuales 21 mil 159 est\u00e1n activos Ciudad de M\u00e9xico a 16 de junio de 2020.- Jos\u00e9 Luis Alom\u00eda Zegarra, encargado de Epidemiolog\u00eda de la Secretar\u00eda de Salud federal, inform\u00f3 este [&hellip;]<\/p>\n","protected":false},"author":1,"featured_media":160738,"comment_status":"open","ping_status":"open","sticky":false,"template":"","format":"standard","meta":{"footnotes":""},"categories":[8],"tags":[],"class_list":["post-160737","post","type-post","status-publish","format-standard","has-post-thumbnail","hentry","category-pais","entry","has-media"],"jetpack_featured_media_url":"http:\/\/vertienteglobal.com\/wp-content\/uploads\/2020\/06\/1106841.jpg","_links":{"self":[{"href":"http:\/\/vertienteglobal.com\/index.php?rest_route=\/wp\/v2\/posts\/160737","targetHints":{"allow":["GET"]}}],"collection":[{"href":"http:\/\/vertienteglobal.com\/index.php?rest_route=\/wp\/v2\/posts"}],"about":[{"href":"http:\/\/vertienteglobal.com\/index.php?rest_route=\/wp\/v2\/types\/post"}],"author":[{"embeddable":true,"href":"http:\/\/vertienteglobal.com\/index.php?rest_route=\/wp\/v2\/users\/1"}],"replies":[{"embeddable":true,"href":"http:\/\/vertienteglobal.com\/index.php?rest_route=%2Fwp%2Fv2%2Fcomments&post=160737"}],"version-history":[{"count":0,"href":"http:\/\/vertienteglobal.com\/index.php?rest_route=\/wp\/v2\/posts\/160737\/revisions"}],"wp:featuredmedia":[{"embeddable":true,"href":"http:\/\/vertienteglobal.com\/index.php?rest_route=\/wp\/v2\/media\/160738"}],"wp:attachment":[{"href":"http:\/\/vertienteglobal.com\/index.php?rest_route=%2Fwp%2Fv2%2Fmedia&parent=160737"}],"wp:term":[{"taxonomy":"category","embeddable":true,"href":"http:\/\/vertienteglobal.com\/index.php?rest_route=%2Fwp%2Fv2%2Fcategories&post=160737"},{"taxonomy":"post_tag","embeddable":true,"href":"http:\/\/vertienteglobal.com\/index.php?rest_route=%2Fwp%2Fv2%2Ftags&post=160737"}],"curies":[{"name":"wp","href":"https:\/\/api.w.org\/{rel}","templated":true}]}}